{"id":2519,"date":"2025-05-07T19:32:52","date_gmt":"2025-05-07T22:32:52","guid":{"rendered":"https:\/\/mundodocarnaval.com.br\/?p=2519"},"modified":"2025-05-07T19:32:52","modified_gmt":"2025-05-07T22:32:52","slug":"bateria-da-botafogo-samba-clube-inicia-oficina-de-tamborim-e-chocalho-no-proximo-dia-9","status":"publish","type":"post","link":"https:\/\/mundodocarnaval.com.br\/pt_br\/bateria-da-botafogo-samba-clube-inicia-oficina-de-tamborim-e-chocalho-no-proximo-dia-9\/","title":{"rendered":"Bateria da Botafogo Samba Clube inicia oficina de tamborim e chocalho no pr\u00f3ximo dia 9"},"content":{"rendered":"<p>Bateria da Botafogo Samba Clube inicia oficina de tamborim e chocalho no pr\u00f3ximo dia 9<\/p>\n<p>Dando in\u00edcio aos trabalhos do carnaval de 2026, a bateria da Botafogo Samba Clube iniciar\u00e1 a oficina de percuss\u00e3o de tamborim e chocalho. As aulas ter\u00e3o in\u00edcio no pr\u00f3ximo dia 09 de maio, a partir das 19h, no Armaz\u00e9m do Est\u00e1dio Nilton Santos. Os interessados devem entrar em contato atrav\u00e9s do instagram da bateria @ritmoalvinegro, onde receber\u00e1 todas as informa\u00e7\u00f5es.<\/p>\n<p>Para o carnaval de 2026, a \u201cRitmo Alvinegro\u201d estar\u00e1 sob novo comando. A agremia\u00e7\u00e3o anunciou a contrata\u00e7\u00e3o do Mestre Marfim para comandar os ritmistas em busca dos 40 pontos de desfile.<\/p>\n","protected":false},"excerpt":{"rendered":"<p>Bateria da Botafogo Samba Clube inicia oficina de tamborim e chocalho no pr\u00f3ximo dia 9 Dando in\u00edcio aos trabalhos do carnaval de 2026, a bateria da Botafogo Samba Clube iniciar\u00e1 a oficina de percuss\u00e3o de tamborim e chocalho. As aulas ter\u00e3o in\u00edcio no pr\u00f3ximo dia 09 de maio, a partir das 19h, no Armaz\u00e9m do [&hellip;]<\/p>\n","protected":false},"author":1,"featured_media":2520,"comment_status":"closed","ping_status":"closed","sticky":false,"template":"","format":"standard","meta":{"footnotes":""},"categories":[13],"tags":[151,163,155,153,154,159,152,162],"class_list":["post-2519","post","type-post","status-publish","format-standard","has-post-thumbnail","hentry","category-fashion","tag-carnaval","tag-grupo-especial","tag-intendente-magalhaes","tag-mundo-do-carnaval","tag-rio-de-janeiro","tag-samba","tag-sapucai","tag-serie-ouro"],"_links":{"self":[{"href":"https:\/\/mundodocarnaval.com.br\/pt_br\/wp-json\/wp\/v2\/posts\/2519","targetHints":{"allow":["GET"]}}],"collection":[{"href":"https:\/\/mundodocarnaval.com.br\/pt_br\/wp-json\/wp\/v2\/posts"}],"about":[{"href":"https:\/\/mundodocarnaval.com.br\/pt_br\/wp-json\/wp\/v2\/types\/post"}],"author":[{"embeddable":true,"href":"https:\/\/mundodocarnaval.com.br\/pt_br\/wp-json\/wp\/v2\/users\/1"}],"replies":[{"embeddable":true,"href":"https:\/\/mundodocarnaval.com.br\/pt_br\/wp-json\/wp\/v2\/comments?post=2519"}],"version-history":[{"count":1,"href":"https:\/\/mundodocarnaval.com.br\/pt_br\/wp-json\/wp\/v2\/posts\/2519\/revisions"}],"predecessor-version":[{"id":2521,"href":"https:\/\/mundodocarnaval.com.br\/pt_br\/wp-json\/wp\/v2\/posts\/2519\/revisions\/2521"}],"wp:featuredmedia":[{"embeddable":true,"href":"https:\/\/mundodocarnaval.com.br\/pt_br\/wp-json\/wp\/v2\/media\/2520"}],"wp:attachment":[{"href":"https:\/\/mundodocarnaval.com.br\/pt_br\/wp-json\/wp\/v2\/media?parent=2519"}],"wp:term":[{"taxonomy":"category","embeddable":true,"href":"https:\/\/mundodocarnaval.com.br\/pt_br\/wp-json\/wp\/v2\/categories?post=2519"},{"taxonomy":"post_tag","embeddable":true,"href":"https:\/\/mundodocarnaval.com.br\/pt_br\/wp-json\/wp\/v2\/tags?post=2519"}],"curies":[{"name":"wp","href":"https:\/\/api.w.org\/{rel}","templated":true}]}}