{"id":2522,"date":"2025-05-07T19:35:59","date_gmt":"2025-05-07T22:35:59","guid":{"rendered":"https:\/\/mundodocarnaval.com.br\/?p=2522"},"modified":"2025-05-07T19:35:59","modified_gmt":"2025-05-07T22:35:59","slug":"tayane-perfeito-e-a-nova-rainha-de-bateria-da-academicos-da-ponta-da-areia","status":"publish","type":"post","link":"https:\/\/mundodocarnaval.com.br\/pt_br\/tayane-perfeito-e-a-nova-rainha-de-bateria-da-academicos-da-ponta-da-areia\/","title":{"rendered":"Tayane Perfeito \u00e9 a nova Rainha de Bateria da Acad\u00eamicos da Ponta da Areia"},"content":{"rendered":"<p>Tayane Perfeito \u00e9 a nova Rainha de Bateria da Acad\u00eamicos da Ponta da Areia<\/p>\n<p>A Ca\u00e7ulinha de Niter\u00f3i j\u00e1 tem sua majestade para 2026. A Acad\u00eamicos da Ponta da Areia, escola de samba de Niter\u00f3i, anuncia Tayane Perfeito como nova Rainha de Bateria da escola. A niteroiense de 34 anos, estudante de Educa\u00e7\u00e3o F\u00edsica e empres\u00e1ria, \u00e9 uma apaixonada pelo carnaval e coleciona uma trajet\u00f3ria vitoriosa nas quadras e avenidas de Niter\u00f3i e Rio de Janeiro.<\/p>\n<p>Com uma carreira que come\u00e7ou em 2008, aos 17 anos, quando concorreu ao t\u00edtulo de Rainha do Carnaval de Niter\u00f3i, Tayane n\u00e3o levou a coroa naquele ano, mas iniciou sua trajet\u00f3ria no samba. De l\u00e1 pra c\u00e1, acumulou faixas, brilhou como musa e rainha em diversas agremia\u00e7\u00f5es.<\/p>\n<p>Em 2011, Tayane foi coroada Rainha do Carnaval de Niter\u00f3i, Rainha da Bateria da GRES Unidos da Regi\u00e3o Oce\u00e2nica, Rainha do Carnaval de Maca\u00e9 e ainda desfilou como destaque na Unidos do Viradouro. No ano seguinte, foi eleita Princesa do Carnaval de Niter\u00f3i, al\u00e9m de manter seu posto em outras agremia\u00e7\u00f5es e conquistar mais um t\u00edtulo: Rainha do Carnaval de Campos dos Goytacazes.<\/p>\n<p>Nos anos seguintes, foi musa e rainha em escolas como Imp\u00e9rio Serrano, Porto da Pedra, Acad\u00eamicos do Lagomar (Maca\u00e9), Vila Santa Teresa, Sol a Sol (Cabo Frio), Vig\u00e1rio Geral e a GRES Magn\u00f3lia Brasil, onde permaneceu por oito anos e consolidou seu nome no carnaval niteroiense.<\/p>\n<p>Fora do universo das escolas de samba, Tayane tamb\u00e9m carrega com orgulho sua rela\u00e7\u00e3o com o futebol. Em 2016, foi convidada por uma das organizadoras da Torcida Urubuzada, a Vanessinha (UBZ), a ser Rainha da torcida. Aceitou o convite de imediato e, desde ent\u00e3o, j\u00e1 s\u00e3o nove anos de dedica\u00e7\u00e3o \u00e0 essa fam\u00edlia rubro-negra. Tayane est\u00e1 presente em todos os jogos no Maracan\u00e3 com a UBZ e tamb\u00e9m nos desfiles do bloco da torcida, unindo sua paix\u00e3o pelo samba ao amor pelo futebol.<\/p>\n<p>Em 2024, Tayane desfilou como musa da Uni\u00e3o de Maric\u00e1 na Marqu\u00eas de Sapuca\u00ed, e em 2025 foi musa da Acad\u00eamicos do Recreio na Intendente Magalh\u00e3es. Mas foi numa noite de mar\u00e7o que o inesperado aconteceu: recebeu o convite da vice-presidente da Ponta da Areia, Juliana Lima, amiga de longa data para reinar \u00e0 frente da Bateria Swing da PDA no Carnaval 2026.<\/p>\n<p>\u201cSou cria da Cidade Sorriso. J\u00e1 frequentei muitas rodas de samba na Ponta da Areia e conhe\u00e7o um pouco da comunidade. Dou minha palavra que vou representar com muita garra essa escola linda de Niter\u00f3i\u201d, declarou emocionada.<\/p>\n<p>Gustavo Soares, presidente da agremia\u00e7\u00e3o, celebrou a chegada da nova rainha:<br \/>\n\u201cA Tayane tem uma vasta experi\u00eancia no carnaval de Niter\u00f3i e do Rio de Janeiro. Ela chega para somar, e fazer parte da hist\u00f3ria da Ponta da Areia.\u201d<\/p>\n<p>A apresenta\u00e7\u00e3o oficial de Tayane acontecer\u00e1 em breve, durante o primeiro evento da escola que dar\u00e1 o pontap\u00e9 inicial para o Carnaval 2026 e tamb\u00e9m apresentar\u00e1 toda a equipe que conduzir\u00e1 a agremia\u00e7\u00e3o rumo ao segundo ano da Acad\u00eamicos da Ponta da Areia no carnaval de Niter\u00f3i.<\/p>\n","protected":false},"excerpt":{"rendered":"<p>Tayane Perfeito \u00e9 a nova Rainha de Bateria da Acad\u00eamicos da Ponta da Areia A Ca\u00e7ulinha de Niter\u00f3i j\u00e1 tem sua majestade para 2026. A Acad\u00eamicos da Ponta da Areia, escola de samba de Niter\u00f3i, anuncia Tayane Perfeito como nova Rainha de Bateria da escola. A niteroiense de 34 anos, estudante de Educa\u00e7\u00e3o F\u00edsica e [&hellip;]<\/p>\n","protected":false},"author":1,"featured_media":2523,"comment_status":"closed","ping_status":"closed","sticky":false,"template":"","format":"standard","meta":{"footnotes":""},"categories":[17],"tags":[151,163,155,153,154,159,152,162],"class_list":["post-2522","post","type-post","status-publish","format-standard","has-post-thumbnail","hentry","category-carnaval-de-niteroi","tag-carnaval","tag-grupo-especial","tag-intendente-magalhaes","tag-mundo-do-carnaval","tag-rio-de-janeiro","tag-samba","tag-sapucai","tag-serie-ouro"],"_links":{"self":[{"href":"https:\/\/mundodocarnaval.com.br\/pt_br\/wp-json\/wp\/v2\/posts\/2522","targetHints":{"allow":["GET"]}}],"collection":[{"href":"https:\/\/mundodocarnaval.com.br\/pt_br\/wp-json\/wp\/v2\/posts"}],"about":[{"href":"https:\/\/mundodocarnaval.com.br\/pt_br\/wp-json\/wp\/v2\/types\/post"}],"author":[{"embeddable":true,"href":"https:\/\/mundodocarnaval.com.br\/pt_br\/wp-json\/wp\/v2\/users\/1"}],"replies":[{"embeddable":true,"href":"https:\/\/mundodocarnaval.com.br\/pt_br\/wp-json\/wp\/v2\/comments?post=2522"}],"version-history":[{"count":1,"href":"https:\/\/mundodocarnaval.com.br\/pt_br\/wp-json\/wp\/v2\/posts\/2522\/revisions"}],"predecessor-version":[{"id":2524,"href":"https:\/\/mundodocarnaval.com.br\/pt_br\/wp-json\/wp\/v2\/posts\/2522\/revisions\/2524"}],"wp:featuredmedia":[{"embeddable":true,"href":"https:\/\/mundodocarnaval.com.br\/pt_br\/wp-json\/wp\/v2\/media\/2523"}],"wp:attachment":[{"href":"https:\/\/mundodocarnaval.com.br\/pt_br\/wp-json\/wp\/v2\/media?parent=2522"}],"wp:term":[{"taxonomy":"category","embeddable":true,"href":"https:\/\/mundodocarnaval.com.br\/pt_br\/wp-json\/wp\/v2\/categories?post=2522"},{"taxonomy":"post_tag","embeddable":true,"href":"https:\/\/mundodocarnaval.com.br\/pt_br\/wp-json\/wp\/v2\/tags?post=2522"}],"curies":[{"name":"wp","href":"https:\/\/api.w.org\/{rel}","templated":true}]}}