{"id":2525,"date":"2025-05-07T19:46:00","date_gmt":"2025-05-07T22:46:00","guid":{"rendered":"https:\/\/mundodocarnaval.com.br\/?p=2525"},"modified":"2025-05-07T19:46:00","modified_gmt":"2025-05-07T22:46:00","slug":"porto-da-pedra-lanca-projetos-gratuitos-para-a-comunidade","status":"publish","type":"post","link":"https:\/\/mundodocarnaval.com.br\/pt_br\/porto-da-pedra-lanca-projetos-gratuitos-para-a-comunidade\/","title":{"rendered":"Porto da Pedra lan\u00e7a projetos gratuitos para a comunidade"},"content":{"rendered":"<p>fotos: Bateria &#8211;  Ewerton Pereira<br \/>\n       Passista &#8211; Carol Cez\u00e1rio <\/p>\n<p>Projeto Sambando com o Tigre e Oficina de Percuss\u00e3o, d\u00e3o o pontap\u00e9 inicial nas atividades que ter\u00e3o in\u00edcio o dia 08 de maio<\/p>\n<p>Mais do que um evento que encanta o p\u00fablico e atrai turistas no m\u00eas de fevereiro, o carnaval movimenta seus profissionais o ano inteiro. Na Porto da Pedra, as atividades come\u00e7am no m\u00eas de maio com oficinas gratuitas para a comunidade que deseja se preparar, desde j\u00e1, para o carnaval 2026. A partir do dia 08 (quinta-feira), passistas e bateria oferecem aulas gratuitas de samba no p\u00e9 e percuss\u00e3o na quadra da vermelha e branca de S\u00e3o Gon\u00e7alo. A atividade \u00e9 totalmente gratuita para crian\u00e7as, jovens e adultos. Confira:<br \/>\n &#8211; Oficina de Percuss\u00e3o : todas as quintas, das 19h \u00e0s 20h, a partir dos 14 anos de idade<br \/>\n &#8211; Projeto Sambando com o Tigre : todas as quintas, das 20h \u00e0s 21h, a partir dos 10 anos de idade<\/p>\n<p>As inscri\u00e7\u00f5es podem ser feitas diretamente na quadra da escola, nos dias das oficinas. Para participar, os interessados devem apresentar documento de identidade, cpf, comprovante de resid\u00eancia e 2 fotos 3&#215;4. No caso de alunos menores de idade, \u00e9 necess\u00e1rio tamb\u00e9m a apresenta\u00e7\u00e3o do comprovante de escolaridade e autoriza\u00e7\u00e3o do respons\u00e1vel escrita a punho.<\/p>\n<p>Ensaios de Bateria tamb\u00e9m recome\u00e7am esta semana   <\/p>\n<p>Embalados pelas notas m\u00e1ximas no quesito, os ritmistas da bateria Ritmo Feroz tamb\u00e9m ir\u00e3o iniciar os ensaios visando as apresenta\u00e7\u00f5es e o desfile do pr\u00f3ximo ano. Mestre Pablo ressalta a import\u00e2ncia de come\u00e7ar o trabalho com anteced\u00eancia. <\/p>\n<p>&#8220;O preparo precisa ser iniciado o quanto antes porque, ao longo do ano, a escola se apresenta em eventos dos mais variados e sempre queremos fazer apresenta\u00e7\u00f5es diferenciadas que encantem o p\u00fablico. A partir do momento em que se escolha o samba, entram as bossas para o desfile, e isto j\u00e1 \u00e9 um outro processo. Esta tamb\u00e9m \u00e9 uma forma de integrar os ritmistas ap\u00f3s esse per\u00edodo de descanso&#8221;, comenta o mestre. <\/p>\n<p>A quadra da Unidos do Porto da Pedra fica na Travessa Jo\u00e3o Silva, 84 &#8211; Porto da Pedra.<\/p>\n","protected":false},"excerpt":{"rendered":"<p>fotos: Bateria &#8211; Ewerton Pereira Passista &#8211; Carol Cez\u00e1rio Projeto Sambando com o Tigre e Oficina de Percuss\u00e3o, d\u00e3o o pontap\u00e9 inicial nas atividades que ter\u00e3o in\u00edcio o dia 08 de maio Mais do que um evento que encanta o p\u00fablico e atrai turistas no m\u00eas de fevereiro, o carnaval movimenta seus profissionais o ano [&hellip;]<\/p>\n","protected":false},"author":1,"featured_media":2526,"comment_status":"closed","ping_status":"closed","sticky":false,"template":"","format":"standard","meta":{"footnotes":""},"categories":[13],"tags":[151,163,155,153,154,159,152,162],"class_list":["post-2525","post","type-post","status-publish","format-standard","has-post-thumbnail","hentry","category-fashion","tag-carnaval","tag-grupo-especial","tag-intendente-magalhaes","tag-mundo-do-carnaval","tag-rio-de-janeiro","tag-samba","tag-sapucai","tag-serie-ouro"],"_links":{"self":[{"href":"https:\/\/mundodocarnaval.com.br\/pt_br\/wp-json\/wp\/v2\/posts\/2525","targetHints":{"allow":["GET"]}}],"collection":[{"href":"https:\/\/mundodocarnaval.com.br\/pt_br\/wp-json\/wp\/v2\/posts"}],"about":[{"href":"https:\/\/mundodocarnaval.com.br\/pt_br\/wp-json\/wp\/v2\/types\/post"}],"author":[{"embeddable":true,"href":"https:\/\/mundodocarnaval.com.br\/pt_br\/wp-json\/wp\/v2\/users\/1"}],"replies":[{"embeddable":true,"href":"https:\/\/mundodocarnaval.com.br\/pt_br\/wp-json\/wp\/v2\/comments?post=2525"}],"version-history":[{"count":1,"href":"https:\/\/mundodocarnaval.com.br\/pt_br\/wp-json\/wp\/v2\/posts\/2525\/revisions"}],"predecessor-version":[{"id":2527,"href":"https:\/\/mundodocarnaval.com.br\/pt_br\/wp-json\/wp\/v2\/posts\/2525\/revisions\/2527"}],"wp:featuredmedia":[{"embeddable":true,"href":"https:\/\/mundodocarnaval.com.br\/pt_br\/wp-json\/wp\/v2\/media\/2526"}],"wp:attachment":[{"href":"https:\/\/mundodocarnaval.com.br\/pt_br\/wp-json\/wp\/v2\/media?parent=2525"}],"wp:term":[{"taxonomy":"category","embeddable":true,"href":"https:\/\/mundodocarnaval.com.br\/pt_br\/wp-json\/wp\/v2\/categories?post=2525"},{"taxonomy":"post_tag","embeddable":true,"href":"https:\/\/mundodocarnaval.com.br\/pt_br\/wp-json\/wp\/v2\/tags?post=2525"}],"curies":[{"name":"wp","href":"https:\/\/api.w.org\/{rel}","templated":true}]}}