{"id":2531,"date":"2025-05-07T20:02:33","date_gmt":"2025-05-07T23:02:33","guid":{"rendered":"https:\/\/mundodocarnaval.com.br\/?p=2531"},"modified":"2025-05-07T20:02:34","modified_gmt":"2025-05-07T23:02:34","slug":"unidos-de-vila-isabel-promovera-roda-de-samba-na-pedra-do-sal-para-lancamento-do-enredo-para-carnaval-2026","status":"publish","type":"post","link":"https:\/\/mundodocarnaval.com.br\/pt_br\/unidos-de-vila-isabel-promovera-roda-de-samba-na-pedra-do-sal-para-lancamento-do-enredo-para-carnaval-2026\/","title":{"rendered":"Unidos de Vila Isabel promover\u00e1 roda de samba na Pedra do Sal para lan\u00e7amento do enredo para Carnaval 2026"},"content":{"rendered":"<p>Unidos de Vila Isabel promover\u00e1 roda de samba na Pedra do Sal para lan\u00e7amento do enredo para Carnaval 2026<\/p>\n<p>A Unidos de Vila Isabel promover\u00e1 neste s\u00e1bado (10) uma roda de samba gratuita na Pedra do Sal, no Centro do Rio, para apresentar ao p\u00fablico o enredo que levar\u00e1 para a Sapuca\u00ed no Carnaval 2026.<\/p>\n<p>A partir das 15h, o int\u00e9rprete Tinga, o mestre de bateria Macaco Branco e a equipe do carro de som da azul e branco de Noel apresentar\u00e3o um repert\u00f3rio especial de sambas consagrados de diversas agremia\u00e7\u00f5es.<\/p>\n<p>Durante a festa, a dupla de carnavalescos Gabriel Haddad e Leonardo Bora revelar\u00e3o o enredo com o qual a azul e branco do bairro de Noel buscar\u00e1 seu quarto t\u00edtulo. \u201cEstamos ansiosos para anunciar para o p\u00fablico. \u00c9 um enredo muito rico e que tem conex\u00f5es profundas com a agremia\u00e7\u00e3o. Levar a comunidade para a Avenida com esse tema ser\u00e1 a realiza\u00e7\u00e3o de um verdadeiro sonho\u201d, afirmou Bora.<\/p>\n<p>\u201cO conceito do evento j\u00e1 antecipa parte da ess\u00eancia do enredo. A escolha do formato e da localiza\u00e7\u00e3o est\u00e3o carregadas de simbolismo e significado\u201d, destaca Haddad.<\/p>\n<p>A festa terminar\u00e1 \u00e0s 19h com um cortejo especial  at\u00e9 o Largo S\u00e3o Francisco da Prainha, quando ser\u00e1 apresentada a arte do cartaz ilustrativo do enredo, popularmente conhecido como \u201clogo\u201d.<\/p>\n<p>Servi\u00e7o<br \/>\nRoda de Samba para lan\u00e7amento de enredo da Unidos de Vila Isabel<br \/>\nData: 10\/05 (s\u00e1bado)<br \/>\nHora: 15h<br \/>\nEndere\u00e7o: Pedra do Sal \u2013 Rua Tia Ciata, Sa\u00fade<br \/>\nEntrada Franca<\/p>\n","protected":false},"excerpt":{"rendered":"<p>Unidos de Vila Isabel promover\u00e1 roda de samba na Pedra do Sal para lan\u00e7amento do enredo para Carnaval 2026 A Unidos de Vila Isabel promover\u00e1 neste s\u00e1bado (10) uma roda de samba gratuita na Pedra do Sal, no Centro do Rio, para apresentar ao p\u00fablico o enredo que levar\u00e1 para a Sapuca\u00ed no Carnaval 2026. [&hellip;]<\/p>\n","protected":false},"author":1,"featured_media":2532,"comment_status":"closed","ping_status":"closed","sticky":false,"template":"","format":"standard","meta":{"footnotes":""},"categories":[12],"tags":[151,163,155,153,154,159,152,162],"class_list":["post-2531","post","type-post","status-publish","format-standard","has-post-thumbnail","hentry","category-grupo-especial","tag-carnaval","tag-grupo-especial","tag-intendente-magalhaes","tag-mundo-do-carnaval","tag-rio-de-janeiro","tag-samba","tag-sapucai","tag-serie-ouro"],"_links":{"self":[{"href":"https:\/\/mundodocarnaval.com.br\/pt_br\/wp-json\/wp\/v2\/posts\/2531","targetHints":{"allow":["GET"]}}],"collection":[{"href":"https:\/\/mundodocarnaval.com.br\/pt_br\/wp-json\/wp\/v2\/posts"}],"about":[{"href":"https:\/\/mundodocarnaval.com.br\/pt_br\/wp-json\/wp\/v2\/types\/post"}],"author":[{"embeddable":true,"href":"https:\/\/mundodocarnaval.com.br\/pt_br\/wp-json\/wp\/v2\/users\/1"}],"replies":[{"embeddable":true,"href":"https:\/\/mundodocarnaval.com.br\/pt_br\/wp-json\/wp\/v2\/comments?post=2531"}],"version-history":[{"count":1,"href":"https:\/\/mundodocarnaval.com.br\/pt_br\/wp-json\/wp\/v2\/posts\/2531\/revisions"}],"predecessor-version":[{"id":2533,"href":"https:\/\/mundodocarnaval.com.br\/pt_br\/wp-json\/wp\/v2\/posts\/2531\/revisions\/2533"}],"wp:featuredmedia":[{"embeddable":true,"href":"https:\/\/mundodocarnaval.com.br\/pt_br\/wp-json\/wp\/v2\/media\/2532"}],"wp:attachment":[{"href":"https:\/\/mundodocarnaval.com.br\/pt_br\/wp-json\/wp\/v2\/media?parent=2531"}],"wp:term":[{"taxonomy":"category","embeddable":true,"href":"https:\/\/mundodocarnaval.com.br\/pt_br\/wp-json\/wp\/v2\/categories?post=2531"},{"taxonomy":"post_tag","embeddable":true,"href":"https:\/\/mundodocarnaval.com.br\/pt_br\/wp-json\/wp\/v2\/tags?post=2531"}],"curies":[{"name":"wp","href":"https:\/\/api.w.org\/{rel}","templated":true}]}}