{"id":2538,"date":"2025-05-07T22:48:12","date_gmt":"2025-05-08T01:48:12","guid":{"rendered":"https:\/\/mundodocarnaval.com.br\/?p=2538"},"modified":"2025-05-07T22:48:12","modified_gmt":"2025-05-08T01:48:12","slug":"projeto-social-sementes-da-vila-vintem","status":"publish","type":"post","link":"https:\/\/mundodocarnaval.com.br\/pt_br\/projeto-social-sementes-da-vila-vintem\/","title":{"rendered":"Projeto Social \u201cSementes da Vila Vint\u00e9m\u201d"},"content":{"rendered":"<p>Fotos: Divulga\u00e7\u00e3o \/ David Maldonado<br \/>\nProjeto Social \u201cSementes da Vila Vint\u00e9m\u201d oferece aulas de dan\u00e7a gratuitas na quadra da Unidos de Padre Miguel<\/p>\n<p>A comunidade de Padre Miguel conta com uma excelente oportunidade para quem deseja aprender a dan\u00e7ar e se divertir. O projeto social Sementes da Vila Vint\u00e9m oferece aulas de dan\u00e7a gratuitas, com foco em diversos ritmos, para todas as idades. As aulas acontecem de segunda a quinta-feira, das 20h \u00e0s 22h, na quadra da Unidos de Padre Miguel, proporcionando um espa\u00e7o inclusivo e acolhedor para os moradores da regi\u00e3o.<\/p>\n<p>O projeto \u00e9 ministrado por duas profissionais renomadas do mundo do samba e da dan\u00e7a: Andressa Marinho, rainha de bateria da Unidos de Padre Miguel, e Elaine Nascimento, diretora da ala de passistas da UPM. Ambas trazem toda a sua experi\u00eancia e paix\u00e3o pelo samba para ensinar aos participantes, incentivando a pr\u00e1tica da dan\u00e7a como forma de inclus\u00e3o, cultura e desenvolvimento social.<\/p>\n<p>As aulas s\u00e3o abertas para pessoas de todas as idades, sem necessidade de experi\u00eancia pr\u00e9via, o que torna o projeto acess\u00edvel a todos os interessados em aprimorar sua habilidade no ritmo e na dan\u00e7a. Al\u00e9m de ser uma excelente oportunidade para se divertir e melhorar a condi\u00e7\u00e3o f\u00edsica, o Sementes da Vila Vint\u00e9m tamb\u00e9m promove a integra\u00e7\u00e3o comunit\u00e1ria e o fortalecimento de la\u00e7os dentro da regi\u00e3o.<\/p>\n<p>As inscri\u00e7\u00f5es est\u00e3o abertas, e mais informa\u00e7\u00f5es podem ser obtidas pelos n\u00fameros (21) 98290-2294 ou (21) 99447-5265. A quadra da Unidos de Padre Miguel fica na Rua Mesquita, 8 &#8211; Padre Miguel. <\/p>\n","protected":false},"excerpt":{"rendered":"<p>Fotos: Divulga\u00e7\u00e3o \/ David Maldonado Projeto Social \u201cSementes da Vila Vint\u00e9m\u201d oferece aulas de dan\u00e7a gratuitas na quadra da Unidos de Padre Miguel A comunidade de Padre Miguel conta com uma excelente oportunidade para quem deseja aprender a dan\u00e7ar e se divertir. O projeto social Sementes da Vila Vint\u00e9m oferece aulas de dan\u00e7a gratuitas, com [&hellip;]<\/p>\n","protected":false},"author":1,"featured_media":2539,"comment_status":"closed","ping_status":"closed","sticky":false,"template":"","format":"standard","meta":{"footnotes":""},"categories":[13],"tags":[151,163,155,153,154,159,152,162],"class_list":["post-2538","post","type-post","status-publish","format-standard","has-post-thumbnail","hentry","category-fashion","tag-carnaval","tag-grupo-especial","tag-intendente-magalhaes","tag-mundo-do-carnaval","tag-rio-de-janeiro","tag-samba","tag-sapucai","tag-serie-ouro"],"_links":{"self":[{"href":"https:\/\/mundodocarnaval.com.br\/pt_br\/wp-json\/wp\/v2\/posts\/2538","targetHints":{"allow":["GET"]}}],"collection":[{"href":"https:\/\/mundodocarnaval.com.br\/pt_br\/wp-json\/wp\/v2\/posts"}],"about":[{"href":"https:\/\/mundodocarnaval.com.br\/pt_br\/wp-json\/wp\/v2\/types\/post"}],"author":[{"embeddable":true,"href":"https:\/\/mundodocarnaval.com.br\/pt_br\/wp-json\/wp\/v2\/users\/1"}],"replies":[{"embeddable":true,"href":"https:\/\/mundodocarnaval.com.br\/pt_br\/wp-json\/wp\/v2\/comments?post=2538"}],"version-history":[{"count":1,"href":"https:\/\/mundodocarnaval.com.br\/pt_br\/wp-json\/wp\/v2\/posts\/2538\/revisions"}],"predecessor-version":[{"id":2540,"href":"https:\/\/mundodocarnaval.com.br\/pt_br\/wp-json\/wp\/v2\/posts\/2538\/revisions\/2540"}],"wp:featuredmedia":[{"embeddable":true,"href":"https:\/\/mundodocarnaval.com.br\/pt_br\/wp-json\/wp\/v2\/media\/2539"}],"wp:attachment":[{"href":"https:\/\/mundodocarnaval.com.br\/pt_br\/wp-json\/wp\/v2\/media?parent=2538"}],"wp:term":[{"taxonomy":"category","embeddable":true,"href":"https:\/\/mundodocarnaval.com.br\/pt_br\/wp-json\/wp\/v2\/categories?post=2538"},{"taxonomy":"post_tag","embeddable":true,"href":"https:\/\/mundodocarnaval.com.br\/pt_br\/wp-json\/wp\/v2\/tags?post=2538"}],"curies":[{"name":"wp","href":"https:\/\/api.w.org\/{rel}","templated":true}]}}