{"id":2541,"date":"2025-05-07T23:16:50","date_gmt":"2025-05-08T02:16:50","guid":{"rendered":"https:\/\/mundodocarnaval.com.br\/?p=2541"},"modified":"2025-05-07T23:16:50","modified_gmt":"2025-05-08T02:16:50","slug":"espetaculo-ginga-tropical-celebra-12-anos-de-existencia-com-evento-gratuito-no-centro-do-rio","status":"publish","type":"post","link":"https:\/\/mundodocarnaval.com.br\/pt_br\/espetaculo-ginga-tropical-celebra-12-anos-de-existencia-com-evento-gratuito-no-centro-do-rio\/","title":{"rendered":"Espet\u00e1culo Ginga Tropical celebra 12 anos de exist\u00eancia com evento gratuito no Centro do Rio."},"content":{"rendered":"<p>Espet\u00e1culo Ginga Tropical celebra 12 anos de exist\u00eancia com evento gratuito no Centro do Rio.<\/p>\n<p>Roda de Samba e pocket show da Cia est\u00e3o na programa\u00e7\u00e3o da festa que acontece nesta sexta, 09 de maio, a partir das 18h.<\/p>\n<p>Projeto assistido por milhares de pessoas no Brasil e no exterior, que promove a riqueza e a diversidade cultural do nosso pa\u00eds, o Ginga Tropical est\u00e1 completando 12 anos tendo a resist\u00eancia como uma de suas assinaturas, celebrando com muito samba sua trajet\u00f3ria de sucesso. Idealizado, produzido e dirigido por Rose Oliveira, mulher preta que pensou o espet\u00e1culo atrav\u00e9s do olhar de quem viajou o mundo como comiss\u00e1ria de bordo sentindo a necessidade de valorizar os principais aspectos da cultura brasileira, o espet\u00e1culo festejar\u00e1 mais um ano de exist\u00eancia nesta sexta-feira, 09 de maio, em sua sede no Centro do Rio, com evento gratuito.<\/p>\n<p>\u201cDoze anos de uma hist\u00f3ria de constru\u00e7\u00e3o, empoderamento e resist\u00eancia cultural precisam ser celebrados. O espet\u00e1culo Ginga Tropical tornou-se refer\u00eancia e inspira\u00e7\u00e3o para muitos outros shows e essa longevidade s\u00f3 reafirma a import\u00e2ncia e a relev\u00e2ncia destes projetos que valorizam a cultura brasileira. Me sinto orgulhosa desta trajet\u00f3ria constru\u00edda com muito esfor\u00e7o e resili\u00eancia. Ao longo deste tempo,  nomes como Thai Rodrigues, Luana Bandeira, Pablo Guerreiro, Ana Arruda e tantas outras personalidades do samba fizeram parte da fam\u00edlia Ginga e isto corrobora com um trabalho feito com extrema dedica\u00e7\u00e3o. \u201d, diz Rose Oliveira.<\/p>\n<p>Para celebrar o anivers\u00e1rio da Cia formada por profissionais de dan\u00e7a e m\u00fasica, o Espa\u00e7o Cultural Ginga Tropical, sede da marca, abre suas portas para uma verdadeira imers\u00e3o que come\u00e7a \u00e0s 18h, com um aul\u00e3o gratuito de samba no p\u00e9 ministrado pelos bailarinos do Ginga. A partir das 19h, o Grupo Decis\u00e3o chega com o Pagode Retr\u00f4 levando o melhor do g\u00eanero para quem curte um happy hour de qualidade. Agitando ainda mais a programa\u00e7\u00e3o do espa\u00e7o, o Grupo Stonteante tamb\u00e9m se apresenta com o quarteto formado por Nen\u00e9m (voz), Andrei (percuss\u00e3o), Senegal (cavaquinho) e Marquinho (pandeiro), levando a mistura perfeita entre o cora\u00e7\u00e3o econ\u00f4mico da cidade e o melhor do retr\u00f4 e o samba de raiz.<\/p>\n<p>Para coroar a festa, uma apresenta\u00e7\u00e3o especial do espet\u00e1culo que est\u00e1 em cartaz desde 2023 todas as ter\u00e7as, quintas e s\u00e1bados no Teatro Fashion Mall, vai mostrar que o Ginga Tropical n\u00e3o \u00e9 s\u00f3 a cara do Rio, mas de todo o Brasil. <\/p>\n<p>O evento \u00e9 gratuito com venda de petiscos e bebidas no local. O Espa\u00e7o Cultural Ginga Tropical faz parte do projeto Reviver Centro e  fica na Rua da Alf\u00e2ndega, 19. <\/p>\n<p>Servi\u00e7o: Ginga Tropical &#8211; 12 anos<br \/>\nData: 09 de maio, sexta-feira<br \/>\nHor\u00e1rio: a partir de 18h<br \/>\nAtra\u00e7\u00f5es: Grupo Decis\u00e3o, Grupo Stonteante<br \/>\nValor: gr\u00e1tis ( venda de petiscos e bebidas no local)<br \/>\nClassifica\u00e7\u00e3o: Livre <\/p>\n<p>Local: Espa\u00e7o Cultural Ginga Tropical ( Rua da Alf\u00e2ndega, 19)<\/p>\n","protected":false},"excerpt":{"rendered":"<p>Espet\u00e1culo Ginga Tropical celebra 12 anos de exist\u00eancia com evento gratuito no Centro do Rio. Roda de Samba e pocket show da Cia est\u00e3o na programa\u00e7\u00e3o da festa que acontece nesta sexta, 09 de maio, a partir das 18h. Projeto assistido por milhares de pessoas no Brasil e no exterior, que promove a riqueza e [&hellip;]<\/p>\n","protected":false},"author":1,"featured_media":2542,"comment_status":"closed","ping_status":"closed","sticky":false,"template":"","format":"standard","meta":{"footnotes":""},"categories":[11],"tags":[151,163,155,153,154,159,152,162],"class_list":["post-2541","post","type-post","status-publish","format-standard","has-post-thumbnail","hentry","category-noticias","tag-carnaval","tag-grupo-especial","tag-intendente-magalhaes","tag-mundo-do-carnaval","tag-rio-de-janeiro","tag-samba","tag-sapucai","tag-serie-ouro"],"_links":{"self":[{"href":"https:\/\/mundodocarnaval.com.br\/pt_br\/wp-json\/wp\/v2\/posts\/2541","targetHints":{"allow":["GET"]}}],"collection":[{"href":"https:\/\/mundodocarnaval.com.br\/pt_br\/wp-json\/wp\/v2\/posts"}],"about":[{"href":"https:\/\/mundodocarnaval.com.br\/pt_br\/wp-json\/wp\/v2\/types\/post"}],"author":[{"embeddable":true,"href":"https:\/\/mundodocarnaval.com.br\/pt_br\/wp-json\/wp\/v2\/users\/1"}],"replies":[{"embeddable":true,"href":"https:\/\/mundodocarnaval.com.br\/pt_br\/wp-json\/wp\/v2\/comments?post=2541"}],"version-history":[{"count":1,"href":"https:\/\/mundodocarnaval.com.br\/pt_br\/wp-json\/wp\/v2\/posts\/2541\/revisions"}],"predecessor-version":[{"id":2543,"href":"https:\/\/mundodocarnaval.com.br\/pt_br\/wp-json\/wp\/v2\/posts\/2541\/revisions\/2543"}],"wp:featuredmedia":[{"embeddable":true,"href":"https:\/\/mundodocarnaval.com.br\/pt_br\/wp-json\/wp\/v2\/media\/2542"}],"wp:attachment":[{"href":"https:\/\/mundodocarnaval.com.br\/pt_br\/wp-json\/wp\/v2\/media?parent=2541"}],"wp:term":[{"taxonomy":"category","embeddable":true,"href":"https:\/\/mundodocarnaval.com.br\/pt_br\/wp-json\/wp\/v2\/categories?post=2541"},{"taxonomy":"post_tag","embeddable":true,"href":"https:\/\/mundodocarnaval.com.br\/pt_br\/wp-json\/wp\/v2\/tags?post=2541"}],"curies":[{"name":"wp","href":"https:\/\/api.w.org\/{rel}","templated":true}]}}