{"id":2544,"date":"2025-05-07T23:28:44","date_gmt":"2025-05-08T02:28:44","guid":{"rendered":"https:\/\/mundodocarnaval.com.br\/?p=2544"},"modified":"2025-05-07T23:28:44","modified_gmt":"2025-05-08T02:28:44","slug":"uniao-de-marica-celebra-conexao-cultural-em-cuba-misturamos-ritmos-e-construimos-pontes","status":"publish","type":"post","link":"https:\/\/mundodocarnaval.com.br\/pt_br\/uniao-de-marica-celebra-conexao-cultural-em-cuba-misturamos-ritmos-e-construimos-pontes\/","title":{"rendered":"Uni\u00e3o de Maric\u00e1 celebra conex\u00e3o cultural em Cuba: \u2018Misturamos ritmos e constru\u00edmos pontes\u2019"},"content":{"rendered":"<p>Uni\u00e3o de Maric\u00e1 celebra conex\u00e3o cultural em Cuba: \u2018Misturamos ritmos e constru\u00edmos pontes\u2019<br \/>\nEscola levou a for\u00e7a do samba \u00e0 FITCuba e emocionou o p\u00fablico com apresenta\u00e7\u00f5es marcantes e encontros musicais simb\u00f3licos<\/p>\n<p>A Uni\u00e3o de Maric\u00e1 concluiu com \u00eaxito a sua primeira participa\u00e7\u00e3o na Feira Internacional de Turismo de Cuba, realizada em Havana, durante a \u00faltima semana. Com quatro apresenta\u00e7\u00f5es, a escola levantou o evento, levando a energia do samba brasileiro para um p\u00fablico diverso e multicultural. A apresenta\u00e7\u00e3o final aconteceu no \u00faltimo s\u00e1bado (3), em pra\u00e7a p\u00fablica.<\/p>\n<p>Um dos pontos altos da viagem foi o encontro entre a bateria Maricad\u00eancia, sob o comando do mestre Paulinho Steves, e o grupo afro-cubano Madreagua. A uni\u00e3o entre os tambores cubanos e os ritmos do samba carioca resultou em uma apresenta\u00e7\u00e3o vibrante e cheia de simbolismo. Segundo Paulinho, o interc\u00e2mbio foi uma experi\u00eancia enriquecedora para toda a equipe.<\/p>\n<p> &#8211; Todos ficaram muito felizes por estarem em Cuba. Levar nossa cultura para fora do pa\u00eds tem um valor imenso. Estamos mostrando como funcionam as escolas de samba do Brasil e vivemos momentos \u00fanicos ao lado dos m\u00fasicos cubanos. Misturamos ritmos, constru\u00edmos pontes e fizemos uma festa muito especial &#8211; afirmou o mestre de bateria.<\/p>\n<p>O int\u00e9rprete Z\u00e9 Paulo Sierra, que cativou o p\u00fablico com sua voz marcante, ressaltou a dimens\u00e3o simb\u00f3lica da viagem. Para ele, a presen\u00e7a da Uni\u00e3o de Maric\u00e1 em Cuba foi muito mais do que uma simples apresenta\u00e7\u00e3o art\u00edstica, mas um encontro de hist\u00f3rias, mem\u00f3rias e ra\u00edzes comuns.<\/p>\n<p> &#8211; Estar em Cuba representando a Uni\u00e3o de Maric\u00e1 foi uma das experi\u00eancias mais legais da minha trajet\u00f3ria. Quando a gente pisa em um pa\u00eds com tanta riqueza cultural, com tanta proximidade hist\u00f3rica com o Brasil e \u00e9 recebido com tanto carinho, a gente entende que a nossa arte atravessa fronteiras. O p\u00fablico cubano nos acolheu com uma energia impressionante. Cantar para eles, ver a emo\u00e7\u00e3o nos olhos das pessoas, trocar com m\u00fasicos locais que t\u00eam uma liga\u00e7\u00e3o t\u00e3o forte com os tambores quanto n\u00f3s, n\u00e3o tem pre\u00e7o &#8211; declarou Z\u00e9 Paulo.<\/p>\n<p>Al\u00e9m da participa\u00e7\u00e3o na feira, a escola tamb\u00e9m se apresentou diante das delega\u00e7\u00f5es internacionais durante as celebra\u00e7\u00f5es do Dia do Trabalhador, em 1\u00ba de maio, ampliando ainda mais sua presen\u00e7a cultural em solo cubano. A passagem da Uni\u00e3o de Maric\u00e1 por Cuba teve dura\u00e7\u00e3o de seis dias.<\/p>\n<p>A delega\u00e7\u00e3o da escola chegou ao Brasil na manh\u00e3 desta ter\u00e7a-feira (6) e agora concentra suas aten\u00e7\u00f5es nos festejos de 10 anos da agremia\u00e7\u00e3o, que acontecer\u00e3o no dia 26, a partir das 15h, com shows de Xande de Pilares, Babby do Cavaco e a participa\u00e7\u00e3o especial da Porto da Pedra, escola madrinha. Os ingressos j\u00e1 est\u00e3o \u00e0 venda pela plataforma Guich\u00ea Web, atrav\u00e9s do link https:\/\/www.guicheweb.com.br\/10-anos-uniao-de-marica_41955.<\/p>\n<p>Fotos: Emerson Pereira<\/p>\n","protected":false},"excerpt":{"rendered":"<p>Uni\u00e3o de Maric\u00e1 celebra conex\u00e3o cultural em Cuba: \u2018Misturamos ritmos e constru\u00edmos pontes\u2019 Escola levou a for\u00e7a do samba \u00e0 FITCuba e emocionou o p\u00fablico com apresenta\u00e7\u00f5es marcantes e encontros musicais simb\u00f3licos A Uni\u00e3o de Maric\u00e1 concluiu com \u00eaxito a sua primeira participa\u00e7\u00e3o na Feira Internacional de Turismo de Cuba, realizada em Havana, durante a [&hellip;]<\/p>\n","protected":false},"author":1,"featured_media":2545,"comment_status":"closed","ping_status":"closed","sticky":false,"template":"","format":"standard","meta":{"footnotes":""},"categories":[13],"tags":[151,163,155,153,154,159,152,162],"class_list":["post-2544","post","type-post","status-publish","format-standard","has-post-thumbnail","hentry","category-fashion","tag-carnaval","tag-grupo-especial","tag-intendente-magalhaes","tag-mundo-do-carnaval","tag-rio-de-janeiro","tag-samba","tag-sapucai","tag-serie-ouro"],"_links":{"self":[{"href":"https:\/\/mundodocarnaval.com.br\/pt_br\/wp-json\/wp\/v2\/posts\/2544","targetHints":{"allow":["GET"]}}],"collection":[{"href":"https:\/\/mundodocarnaval.com.br\/pt_br\/wp-json\/wp\/v2\/posts"}],"about":[{"href":"https:\/\/mundodocarnaval.com.br\/pt_br\/wp-json\/wp\/v2\/types\/post"}],"author":[{"embeddable":true,"href":"https:\/\/mundodocarnaval.com.br\/pt_br\/wp-json\/wp\/v2\/users\/1"}],"replies":[{"embeddable":true,"href":"https:\/\/mundodocarnaval.com.br\/pt_br\/wp-json\/wp\/v2\/comments?post=2544"}],"version-history":[{"count":1,"href":"https:\/\/mundodocarnaval.com.br\/pt_br\/wp-json\/wp\/v2\/posts\/2544\/revisions"}],"predecessor-version":[{"id":2546,"href":"https:\/\/mundodocarnaval.com.br\/pt_br\/wp-json\/wp\/v2\/posts\/2544\/revisions\/2546"}],"wp:featuredmedia":[{"embeddable":true,"href":"https:\/\/mundodocarnaval.com.br\/pt_br\/wp-json\/wp\/v2\/media\/2545"}],"wp:attachment":[{"href":"https:\/\/mundodocarnaval.com.br\/pt_br\/wp-json\/wp\/v2\/media?parent=2544"}],"wp:term":[{"taxonomy":"category","embeddable":true,"href":"https:\/\/mundodocarnaval.com.br\/pt_br\/wp-json\/wp\/v2\/categories?post=2544"},{"taxonomy":"post_tag","embeddable":true,"href":"https:\/\/mundodocarnaval.com.br\/pt_br\/wp-json\/wp\/v2\/tags?post=2544"}],"curies":[{"name":"wp","href":"https:\/\/api.w.org\/{rel}","templated":true}]}}