{"id":2547,"date":"2025-05-07T23:42:29","date_gmt":"2025-05-08T02:42:29","guid":{"rendered":"https:\/\/mundodocarnaval.com.br\/?p=2547"},"modified":"2025-05-07T23:42:29","modified_gmt":"2025-05-08T02:42:29","slug":"centro-de-referencia-esportiva-mangueira-reinaugura-espaco-esportivo","status":"publish","type":"post","link":"https:\/\/mundodocarnaval.com.br\/pt_br\/centro-de-referencia-esportiva-mangueira-reinaugura-espaco-esportivo\/","title":{"rendered":"Centro de Refer\u00eancia Esportiva Mangueira reinaugura Espa\u00e7o Esportivo"},"content":{"rendered":"<p>O Centro de Refer\u00eancia Esportiva Mangueira acaba de reinaugurar seu Espa\u00e7o Esportivo, localizado no cora\u00e7\u00e3o da comunidade, com uma grande celebra\u00e7\u00e3o que reuniu atletas, moradores, apoiadores e parceiros do projeto. O evento, realizado no dia 26 de abril, foi marcado por um vibrante festival esportivo e homenagens a personalidades que contribu\u00edram significativamente para a hist\u00f3ria do Instituto.<\/p>\n<p>O grande destaque da revitaliza\u00e7\u00e3o \u00e9 o novo campo de futebol com 1.740m\u00b2, totalmente reformado e agora com grama sint\u00e9tica de \u00faltima gera\u00e7\u00e3o. Com dimens\u00f5es de 30x56m, o campo recebeu o modelo TG SPORTS STADIUM V-MAX MISTA 50MM 17.500 VERDE ORGANIC, com fios de PE de 55mm de altura, base dupla 100% polietileno, recuos com 0,90 cm verde e 0,10 cm branca, al\u00e9m da aplica\u00e7\u00e3o do composto org\u00e2nico TG Infill e novas demarca\u00e7\u00f5es brancas que garantem mais visibilidade e seguran\u00e7a para os jogos.<br \/>\nA cerim\u00f4nia de reinaugura\u00e7\u00e3o tamb\u00e9m prestou homenagens a figuras que marcaram a trajet\u00f3ria do projeto, reconhecendo o legado e a parceria de quem segue contribuindo para a transforma\u00e7\u00e3o social por meio do esporte. O p\u00fablico participou de viv\u00eancias esportivas e apresenta\u00e7\u00f5es, como a da equipe de Gin\u00e1stica R\u00edtmica \u2013 incluindo a equipe master \u2013 al\u00e9m de aulas abertas e competi\u00e7\u00f5es de diversas modalidades.<\/p>\n<p>Com o novo espa\u00e7o em pleno funcionamento, o Instituto Mangueira do Futuro refor\u00e7a seu compromisso com a promo\u00e7\u00e3o da cidadania, da sa\u00fade, da inclus\u00e3o social e da educa\u00e7\u00e3o atrav\u00e9s do esporte, como ferramenta de desenvolvimento integral. Acreditamos que o esporte educa, forma car\u00e1ter, ensina valores e abre caminhos para um futuro mais digno e cheio de possibilidades.<\/p>\n<p>Nesse esp\u00edrito, est\u00e3o abertas as inscri\u00e7\u00f5es para as atividades esportivas oferecidas gratuitamente no local.<br \/>\nModalidades dispon\u00edveis:<\/p>\n<p>Nata\u00e7\u00e3o infantil<br \/>\nBasquete<br \/>\nFutebol<br \/>\nFutsal<br \/>\nDan\u00e7a<br \/>\nJud\u00f4<br \/>\nJiu-jitsu<br \/>\nLevantamento de peso<br \/>\nAtletismo<br \/>\nGin\u00e1stica r\u00edtmica<\/p>\n<p>As atividades atendem crian\u00e7as e adolescentes de 6 meses a 17 anos e t\u00eam como foco o desenvolvimento f\u00edsico, social e emocional por meio do esporte e da educa\u00e7\u00e3o.<\/p>\n<p>Inscri\u00e7\u00f5es presenciais:<br \/>\n\ud83d\udccd Centro de Refer\u00eancia Esportiva Mangueira<br \/>\n\ud83d\udccd Rua Santo Melo, 73 \u2013 Mangueira, Rio de Janeiro<br \/>\n\ud83d\udd57 Segunda a sexta, das 8h \u00e0s 18h<\/p>\n<p>Mais do que um espa\u00e7o de pr\u00e1tica esportiva, o Centro de Refer\u00eancia reafirma seu papel como polo de educa\u00e7\u00e3o, transforma\u00e7\u00e3o e oportunidades para a juventude da comunidade.<\/p>\n<p>Caso queira mais informa\u00e7\u00f5es, imagens ou entrevistas com os respons\u00e1veis pelo projeto, fico \u00e0 disposi\u00e7\u00e3o.<\/p>\n","protected":false},"excerpt":{"rendered":"<p>O Centro de Refer\u00eancia Esportiva Mangueira acaba de reinaugurar seu Espa\u00e7o Esportivo, localizado no cora\u00e7\u00e3o da comunidade, com uma grande celebra\u00e7\u00e3o que reuniu atletas, moradores, apoiadores e parceiros do projeto. O evento, realizado no dia 26 de abril, foi marcado por um vibrante festival esportivo e homenagens a personalidades que contribu\u00edram significativamente para a hist\u00f3ria [&hellip;]<\/p>\n","protected":false},"author":1,"featured_media":2548,"comment_status":"closed","ping_status":"closed","sticky":false,"template":"","format":"standard","meta":{"footnotes":""},"categories":[11],"tags":[151,163,155,153,154,159,152,162],"class_list":["post-2547","post","type-post","status-publish","format-standard","has-post-thumbnail","hentry","category-noticias","tag-carnaval","tag-grupo-especial","tag-intendente-magalhaes","tag-mundo-do-carnaval","tag-rio-de-janeiro","tag-samba","tag-sapucai","tag-serie-ouro"],"_links":{"self":[{"href":"https:\/\/mundodocarnaval.com.br\/pt_br\/wp-json\/wp\/v2\/posts\/2547","targetHints":{"allow":["GET"]}}],"collection":[{"href":"https:\/\/mundodocarnaval.com.br\/pt_br\/wp-json\/wp\/v2\/posts"}],"about":[{"href":"https:\/\/mundodocarnaval.com.br\/pt_br\/wp-json\/wp\/v2\/types\/post"}],"author":[{"embeddable":true,"href":"https:\/\/mundodocarnaval.com.br\/pt_br\/wp-json\/wp\/v2\/users\/1"}],"replies":[{"embeddable":true,"href":"https:\/\/mundodocarnaval.com.br\/pt_br\/wp-json\/wp\/v2\/comments?post=2547"}],"version-history":[{"count":1,"href":"https:\/\/mundodocarnaval.com.br\/pt_br\/wp-json\/wp\/v2\/posts\/2547\/revisions"}],"predecessor-version":[{"id":2549,"href":"https:\/\/mundodocarnaval.com.br\/pt_br\/wp-json\/wp\/v2\/posts\/2547\/revisions\/2549"}],"wp:featuredmedia":[{"embeddable":true,"href":"https:\/\/mundodocarnaval.com.br\/pt_br\/wp-json\/wp\/v2\/media\/2548"}],"wp:attachment":[{"href":"https:\/\/mundodocarnaval.com.br\/pt_br\/wp-json\/wp\/v2\/media?parent=2547"}],"wp:term":[{"taxonomy":"category","embeddable":true,"href":"https:\/\/mundodocarnaval.com.br\/pt_br\/wp-json\/wp\/v2\/categories?post=2547"},{"taxonomy":"post_tag","embeddable":true,"href":"https:\/\/mundodocarnaval.com.br\/pt_br\/wp-json\/wp\/v2\/tags?post=2547"}],"curies":[{"name":"wp","href":"https:\/\/api.w.org\/{rel}","templated":true}]}}