{"id":2550,"date":"2025-05-07T23:53:37","date_gmt":"2025-05-08T02:53:37","guid":{"rendered":"https:\/\/mundodocarnaval.com.br\/?p=2550"},"modified":"2025-05-07T23:53:37","modified_gmt":"2025-05-08T02:53:37","slug":"unidos-do-jacarezinho-realiza-recadastramento-on-line-da-comunidade","status":"publish","type":"post","link":"https:\/\/mundodocarnaval.com.br\/pt_br\/unidos-do-jacarezinho-realiza-recadastramento-on-line-da-comunidade\/","title":{"rendered":"Unidos do Jacarezinho realiza recadastramento on-line da comunidade"},"content":{"rendered":"<p>Unidos do Jacarezinho realiza recadastramento on-line da comunidade para o pr\u00f3ximo desfile<br \/>\nRecadastramento acontece at\u00e9 17 de maio<\/p>\n<p>Atual campe\u00e3 da S\u00e9rie Prata, a Unidos do Jacarezinho que retorna \u00e0 Sapuca\u00ed em 2026  inicia nesta nesta ter\u00e7a-feira, 06, o recadastramento de componentes das alas de comunidade. As inscri\u00e7\u00f5es ser\u00e3o feitas atrav\u00e9s de um formul\u00e1rio que estar\u00e1 dispon\u00edvel nas redes sociais da escola (@unidosdojacarezinho). Quem desfilou em alas da comunidade em 2025,  ter\u00e1 que preencher o formul\u00e1rio para efetuar o recadastramento &#8211; https:\/\/forms.gle\/1PCnRnVK5a7caQj46. \u00c9 importante que os interessados informem um n\u00famero de telefone v\u00e1lido para que a dire\u00e7\u00e3o de harmonia possa entrar em contato e validar a inscri\u00e7\u00e3o.<\/p>\n<p>Focada nos preparativos para o pr\u00f3ximo carnaval, o recadastramento acontece at\u00e9 dia 16 de maio de forma on-line. Quem preferir poder\u00e1 se recadastrar pessoalmente no dia 17 de maio na quadra da agremia\u00e7\u00e3o, das 13 \u00e0s 17 horas. Numa segunda etapa, a escola abrir\u00e1 inscri\u00e7\u00f5es para novos componentes. A taxa custa R$ 80,00 (que poder\u00e1 ser paga em at\u00e9 4 vezes) e d\u00e1 direito a uma camisa de ensaio e carteirinha.<\/p>\n<p>A diretoria de carnaval ressalta que, quando forem iniciados os ensaios, ser\u00e1 exigida presen\u00e7a, o que garantir\u00e1 a participa\u00e7\u00e3o no desfile.<\/p>\n<p>A Unidos do Jacarezinho desfilar\u00e1 no dia 13 de fevereiro de 2026, sendo a primeira escola a pisar na Sapuca\u00ed pela S\u00e9rie Ouro. A quadra de ensaios fica localizada na Avenida Dom Helder C\u00e2mara, 2233 \u2013 Jacarezinho.<\/p>\n<p>Cr\u00e9ditos: Gabriel Belmiro<\/p>\n","protected":false},"excerpt":{"rendered":"<p>Unidos do Jacarezinho realiza recadastramento on-line da comunidade para o pr\u00f3ximo desfile Recadastramento acontece at\u00e9 17 de maio Atual campe\u00e3 da S\u00e9rie Prata, a Unidos do Jacarezinho que retorna \u00e0 Sapuca\u00ed em 2026 inicia nesta nesta ter\u00e7a-feira, 06, o recadastramento de componentes das alas de comunidade. As inscri\u00e7\u00f5es ser\u00e3o feitas atrav\u00e9s de um formul\u00e1rio que [&hellip;]<\/p>\n","protected":false},"author":1,"featured_media":2551,"comment_status":"closed","ping_status":"closed","sticky":false,"template":"","format":"standard","meta":{"footnotes":""},"categories":[14],"tags":[151,163,155,153,154,159,152,162],"class_list":["post-2550","post","type-post","status-publish","format-standard","has-post-thumbnail","hentry","category-gadgets","tag-carnaval","tag-grupo-especial","tag-intendente-magalhaes","tag-mundo-do-carnaval","tag-rio-de-janeiro","tag-samba","tag-sapucai","tag-serie-ouro"],"_links":{"self":[{"href":"https:\/\/mundodocarnaval.com.br\/pt_br\/wp-json\/wp\/v2\/posts\/2550","targetHints":{"allow":["GET"]}}],"collection":[{"href":"https:\/\/mundodocarnaval.com.br\/pt_br\/wp-json\/wp\/v2\/posts"}],"about":[{"href":"https:\/\/mundodocarnaval.com.br\/pt_br\/wp-json\/wp\/v2\/types\/post"}],"author":[{"embeddable":true,"href":"https:\/\/mundodocarnaval.com.br\/pt_br\/wp-json\/wp\/v2\/users\/1"}],"replies":[{"embeddable":true,"href":"https:\/\/mundodocarnaval.com.br\/pt_br\/wp-json\/wp\/v2\/comments?post=2550"}],"version-history":[{"count":1,"href":"https:\/\/mundodocarnaval.com.br\/pt_br\/wp-json\/wp\/v2\/posts\/2550\/revisions"}],"predecessor-version":[{"id":2552,"href":"https:\/\/mundodocarnaval.com.br\/pt_br\/wp-json\/wp\/v2\/posts\/2550\/revisions\/2552"}],"wp:featuredmedia":[{"embeddable":true,"href":"https:\/\/mundodocarnaval.com.br\/pt_br\/wp-json\/wp\/v2\/media\/2551"}],"wp:attachment":[{"href":"https:\/\/mundodocarnaval.com.br\/pt_br\/wp-json\/wp\/v2\/media?parent=2550"}],"wp:term":[{"taxonomy":"category","embeddable":true,"href":"https:\/\/mundodocarnaval.com.br\/pt_br\/wp-json\/wp\/v2\/categories?post=2550"},{"taxonomy":"post_tag","embeddable":true,"href":"https:\/\/mundodocarnaval.com.br\/pt_br\/wp-json\/wp\/v2\/tags?post=2550"}],"curies":[{"name":"wp","href":"https:\/\/api.w.org\/{rel}","templated":true}]}}