{"id":2553,"date":"2025-05-08T20:21:24","date_gmt":"2025-05-08T23:21:24","guid":{"rendered":"https:\/\/mundodocarnaval.com.br\/?p=2553"},"modified":"2025-05-08T20:21:24","modified_gmt":"2025-05-08T23:21:24","slug":"mocidade-independente-anuncia-oficina-de-bateria-com-mestre-dudu","status":"publish","type":"post","link":"https:\/\/mundodocarnaval.com.br\/pt_br\/mocidade-independente-anuncia-oficina-de-bateria-com-mestre-dudu\/","title":{"rendered":"Mocidade Independente anuncia oficina de bateria com Mestre Dudu"},"content":{"rendered":"<p>link para inscri\u00e7\u00e3o:<br \/>\nhttps:\/\/docs.google.com\/forms\/d\/e\/1FAIpQLSdfURJtlUj5d2HJ8DhwoaDGWlak7gIeeBkrcBxsvEpdl0a33w\/closedform<\/p>\n<p>Mocidade Independente anuncia oficina de bateria com Mestre Dudu<\/p>\n<p>A Mocidade Independente de Padre Miguel est\u00e1 com inscri\u00e7\u00f5es abertas para a oficina de bateria da N\u00e3o Existe Mais Quente, que visa desenvolver novos talentos para aquela que bate melhor no carnaval.<\/p>\n<p>Sob comando do Mestre Dudu, o projeto dar\u00e1 oportunidade aos participantes de aprenderem a<br \/>\ntocar um instrumento ou at\u00e9 mesmo fazer parte futuramente daquela que \u00e9 a alma de uma Escola.<\/p>\n<p>Os interessados podem se inscrever no link abaixo. A oficina ser\u00e1 realizada na quadra da Vint\u00e9m \u00e0s segundas e quartas-feiras. A taxa de inscri\u00e7\u00e3o, nesse caso, custar\u00e1 R$ 100, al\u00e9m de uma mensalidade no valor de R$ 50. Os alunos ganhar\u00e3o um kit com a camisa oficial do projeto.<\/p>\n<p>As inscri\u00e7\u00f5es est\u00e3o abertas at\u00e9 o dia 6 de junho, com as aulas come\u00e7ando na primeira semana do mesmo m\u00eas.<\/p>\n<p>A quadra da Mocidade fica na Rua Coronel Tamarindo, 38, na Vila Vint\u00e9m.<br \/>\nFotos: Mike bleak | @twelvemkt<\/p>\n","protected":false},"excerpt":{"rendered":"<p>link para inscri\u00e7\u00e3o: https:\/\/docs.google.com\/forms\/d\/e\/1FAIpQLSdfURJtlUj5d2HJ8DhwoaDGWlak7gIeeBkrcBxsvEpdl0a33w\/closedform Mocidade Independente anuncia oficina de bateria com Mestre Dudu A Mocidade Independente de Padre Miguel est\u00e1 com inscri\u00e7\u00f5es abertas para a oficina de bateria da N\u00e3o Existe Mais Quente, que visa desenvolver novos talentos para aquela que bate melhor no carnaval. Sob comando do Mestre Dudu, o projeto dar\u00e1 oportunidade aos [&hellip;]<\/p>\n","protected":false},"author":1,"featured_media":2554,"comment_status":"closed","ping_status":"closed","sticky":false,"template":"","format":"standard","meta":{"footnotes":""},"categories":[12],"tags":[151,163,155,153,154,159,152,162],"class_list":["post-2553","post","type-post","status-publish","format-standard","has-post-thumbnail","hentry","category-grupo-especial","tag-carnaval","tag-grupo-especial","tag-intendente-magalhaes","tag-mundo-do-carnaval","tag-rio-de-janeiro","tag-samba","tag-sapucai","tag-serie-ouro"],"_links":{"self":[{"href":"https:\/\/mundodocarnaval.com.br\/pt_br\/wp-json\/wp\/v2\/posts\/2553","targetHints":{"allow":["GET"]}}],"collection":[{"href":"https:\/\/mundodocarnaval.com.br\/pt_br\/wp-json\/wp\/v2\/posts"}],"about":[{"href":"https:\/\/mundodocarnaval.com.br\/pt_br\/wp-json\/wp\/v2\/types\/post"}],"author":[{"embeddable":true,"href":"https:\/\/mundodocarnaval.com.br\/pt_br\/wp-json\/wp\/v2\/users\/1"}],"replies":[{"embeddable":true,"href":"https:\/\/mundodocarnaval.com.br\/pt_br\/wp-json\/wp\/v2\/comments?post=2553"}],"version-history":[{"count":1,"href":"https:\/\/mundodocarnaval.com.br\/pt_br\/wp-json\/wp\/v2\/posts\/2553\/revisions"}],"predecessor-version":[{"id":2555,"href":"https:\/\/mundodocarnaval.com.br\/pt_br\/wp-json\/wp\/v2\/posts\/2553\/revisions\/2555"}],"wp:featuredmedia":[{"embeddable":true,"href":"https:\/\/mundodocarnaval.com.br\/pt_br\/wp-json\/wp\/v2\/media\/2554"}],"wp:attachment":[{"href":"https:\/\/mundodocarnaval.com.br\/pt_br\/wp-json\/wp\/v2\/media?parent=2553"}],"wp:term":[{"taxonomy":"category","embeddable":true,"href":"https:\/\/mundodocarnaval.com.br\/pt_br\/wp-json\/wp\/v2\/categories?post=2553"},{"taxonomy":"post_tag","embeddable":true,"href":"https:\/\/mundodocarnaval.com.br\/pt_br\/wp-json\/wp\/v2\/tags?post=2553"}],"curies":[{"name":"wp","href":"https:\/\/api.w.org\/{rel}","templated":true}]}}