{"id":2556,"date":"2025-05-08T21:10:33","date_gmt":"2025-05-09T00:10:33","guid":{"rendered":"https:\/\/mundodocarnaval.com.br\/?p=2556"},"modified":"2025-05-08T21:10:33","modified_gmt":"2025-05-09T00:10:33","slug":"aprendizes-do-salgueiro-oferece-aulas-gratuitas-de-alfabetizacao-para-adultos","status":"publish","type":"post","link":"https:\/\/mundodocarnaval.com.br\/pt_br\/aprendizes-do-salgueiro-oferece-aulas-gratuitas-de-alfabetizacao-para-adultos\/","title":{"rendered":"Aprendizes do Salgueiro oferece aulas gratuitas de alfabetiza\u00e7\u00e3o para adultos"},"content":{"rendered":"<p>Aprendizes do Salgueiro oferece aulas gratuitas de alfabetiza\u00e7\u00e3o para adultos<\/p>\n<p>Com o compromisso de promover educa\u00e7\u00e3o inclusiva e acess\u00edvel, o Aprendizes do Salgueiro anuncia a abertura de turmas para o programa de alfabetiza\u00e7\u00e3o de adultos. As aulas s\u00e3o totalmente gratuitas e voltadas para pessoas que desejam aprender a ler e escrever, independentemente da idade.<\/p>\n<p>O in\u00edcio das aulas est\u00e1 marcado para o dia 27 de maio, com encontros realizados \u00e0s ter\u00e7as e quintas-feiras, sempre \u00e0s 19h30, na Vila Ol\u00edmpica do Salgueiro. O projeto visa oferecer uma oportunidade concreta de transforma\u00e7\u00e3o social, refor\u00e7ando a import\u00e2ncia da educa\u00e7\u00e3o como ferramenta de cidadania e inclus\u00e3o.<\/p>\n<p>As inscri\u00e7\u00f5es j\u00e1 est\u00e3o abertas e podem ser feitas presencialmente na Vila Ol\u00edmpica, \u00e0s ter\u00e7as e quintas, \u00e0s 15h. \u00c9 necess\u00e1rio apresentar um documento de identidade no ato da inscri\u00e7\u00e3o.<\/p>\n<p>A iniciativa integra as a\u00e7\u00f5es do projeto Aprendiz do Salgueiro, que tem se destacado por oferecer atividades formativas e sociais \u00e0 comunidade, fortalecendo v\u00ednculos e abrindo portas para novos futuros por meio da educa\u00e7\u00e3o.<\/p>\n<p>Luana Viard &#8211; Comunica\u00e7\u00e3o Aprendizes do Salgueiro (21) 99372-6629<\/p>\n<p>Foto: Guilherme Soares<\/p>\n","protected":false},"excerpt":{"rendered":"<p>Aprendizes do Salgueiro oferece aulas gratuitas de alfabetiza\u00e7\u00e3o para adultos Com o compromisso de promover educa\u00e7\u00e3o inclusiva e acess\u00edvel, o Aprendizes do Salgueiro anuncia a abertura de turmas para o programa de alfabetiza\u00e7\u00e3o de adultos. As aulas s\u00e3o totalmente gratuitas e voltadas para pessoas que desejam aprender a ler e escrever, independentemente da idade. O [&hellip;]<\/p>\n","protected":false},"author":1,"featured_media":2557,"comment_status":"closed","ping_status":"closed","sticky":false,"template":"","format":"standard","meta":{"footnotes":""},"categories":[16],"tags":[151,163,155,153,154,159,152,162],"class_list":["post-2556","post","type-post","status-publish","format-standard","has-post-thumbnail","hentry","category-escolas-mirins","tag-carnaval","tag-grupo-especial","tag-intendente-magalhaes","tag-mundo-do-carnaval","tag-rio-de-janeiro","tag-samba","tag-sapucai","tag-serie-ouro"],"_links":{"self":[{"href":"https:\/\/mundodocarnaval.com.br\/pt_br\/wp-json\/wp\/v2\/posts\/2556","targetHints":{"allow":["GET"]}}],"collection":[{"href":"https:\/\/mundodocarnaval.com.br\/pt_br\/wp-json\/wp\/v2\/posts"}],"about":[{"href":"https:\/\/mundodocarnaval.com.br\/pt_br\/wp-json\/wp\/v2\/types\/post"}],"author":[{"embeddable":true,"href":"https:\/\/mundodocarnaval.com.br\/pt_br\/wp-json\/wp\/v2\/users\/1"}],"replies":[{"embeddable":true,"href":"https:\/\/mundodocarnaval.com.br\/pt_br\/wp-json\/wp\/v2\/comments?post=2556"}],"version-history":[{"count":1,"href":"https:\/\/mundodocarnaval.com.br\/pt_br\/wp-json\/wp\/v2\/posts\/2556\/revisions"}],"predecessor-version":[{"id":2558,"href":"https:\/\/mundodocarnaval.com.br\/pt_br\/wp-json\/wp\/v2\/posts\/2556\/revisions\/2558"}],"wp:featuredmedia":[{"embeddable":true,"href":"https:\/\/mundodocarnaval.com.br\/pt_br\/wp-json\/wp\/v2\/media\/2557"}],"wp:attachment":[{"href":"https:\/\/mundodocarnaval.com.br\/pt_br\/wp-json\/wp\/v2\/media?parent=2556"}],"wp:term":[{"taxonomy":"category","embeddable":true,"href":"https:\/\/mundodocarnaval.com.br\/pt_br\/wp-json\/wp\/v2\/categories?post=2556"},{"taxonomy":"post_tag","embeddable":true,"href":"https:\/\/mundodocarnaval.com.br\/pt_br\/wp-json\/wp\/v2\/tags?post=2556"}],"curies":[{"name":"wp","href":"https:\/\/api.w.org\/{rel}","templated":true}]}}