{"id":2559,"date":"2025-05-08T23:03:52","date_gmt":"2025-05-09T02:03:52","guid":{"rendered":"https:\/\/mundodocarnaval.com.br\/?p=2559"},"modified":"2025-05-08T23:03:52","modified_gmt":"2025-05-09T02:03:52","slug":"uniao-de-marica-entrega-mais-de-uma-tonelada-de-alimentos-a-instituicoes-do-municipio","status":"publish","type":"post","link":"https:\/\/mundodocarnaval.com.br\/pt_br\/uniao-de-marica-entrega-mais-de-uma-tonelada-de-alimentos-a-instituicoes-do-municipio\/","title":{"rendered":"Uni\u00e3o de Maric\u00e1 entrega mais de uma tonelada de alimentos a institui\u00e7\u00f5es do munic\u00edpio"},"content":{"rendered":"<p>Uni\u00e3o de Maric\u00e1 entrega mais de uma tonelada de alimentos a institui\u00e7\u00f5es do munic\u00edpio Arrecadados durante a Feijoada de S\u00e3o Jorge, os mantimentos foram doados no in\u00edcio desta semana<\/p>\n<p>Na \u00faltima segunda-feira (5), a Uni\u00e3o de Maric\u00e1 entregou mais de uma tonelada de alimentos arrecadados durante a Feijoada de S\u00e3o Jorge, realizada no \u00faltimo dia 23 de abril. As doa\u00e7\u00f5es foram destinadas a tr\u00eas institui\u00e7\u00f5es que realizam trabalhos sociais essenciais na cidade: a Casa de Repouso Lar da J\u00f4, a Associa\u00e7\u00e3o Pestalozzi de Maric\u00e1 e o Nair (N\u00facleo de Atividades Interativas e Recreativas).<\/p>\n<p>A Feijoada de S\u00e3o Jorge foi pensada como mais do que um evento festivo. Al\u00e9m da homenagem ao santo guerreiro, a dire\u00e7\u00e3o da escola decidiu aproveitar a ocasi\u00e3o para promover uma campanha de arrecada\u00e7\u00e3o de alimentos como troca de ingresso. A a\u00e7\u00e3o mostrou que o samba pode ser uma poderosa ferramenta de mobiliza\u00e7\u00e3o e transforma\u00e7\u00e3o social, conforme disse o administrador Matheus Santos.<\/p>\n<p>&#8211; Desde o in\u00edcio, pensamos a feijoada n\u00e3o s\u00f3 como uma celebra\u00e7\u00e3o ao nosso padroeiro, mas como uma oportunidade de mobilizar a comunidade em prol de algo maior. Ficamos emocionados com a resposta do p\u00fablico, que trouxe os alimentos com carinho e generosidade. Ver os mantimentos chegando a quem realmente precisa refor\u00e7ar o sentido coletivo que queremos para nossa escola &#8211; declarou o administrador da Uni\u00e3o de Maric\u00e1.<\/p>\n<p>As institui\u00e7\u00f5es beneficiadas desenvolvem trabalhos de refer\u00eancia no munic\u00edpio, atendendo p\u00fablicos vulner\u00e1veis com dedica\u00e7\u00e3o e compromisso. A Casa de Repouso Lar da J\u00f4 oferece um ambiente familiar, aconchegante e com suporte 24 horas para idosos. A Associa\u00e7\u00e3o Pestalozzi de Maric\u00e1 atua h\u00e1 mais de 35 anos, oferecendo atendimento especializado a rec\u00e9m-nascidos de risco, al\u00e9m de crian\u00e7as e adolescentes com defici\u00eancia f\u00edsica, intelectual e autismo.<\/p>\n<p>J\u00e1 o N\u00facleo de Atividades Interativas e Recreativas, com mais de duas d\u00e9cadas de atua\u00e7\u00e3o, promove atividades de inclus\u00e3o e socializa\u00e7\u00e3o para adolescentes e adultos com defici\u00eancia intelectual. A institui\u00e7\u00e3o, que se mant\u00e9m exclusivamente com doa\u00e7\u00f5es, tem sido um espa\u00e7o de acolhimento e desenvolvimento humano em Maric\u00e1.<\/p>\n<p>Mais do que uma a\u00e7\u00e3o pontual, a entrega dos alimentos simboliza o in\u00edcio de uma nova fase para a escola de samba. A diretoria da Uni\u00e3o de Maric\u00e1 quer tornar as a\u00e7\u00f5es sociais uma pr\u00e1tica cont\u00ednua, conectando a for\u00e7a do carnaval com o compromisso com a comunidade local. Para Matheus Santos, o objetivo \u00e9 usar o prest\u00edgio da agremia\u00e7\u00e3o para fortalecer iniciativas que realmente fazem a diferen\u00e7a.<\/p>\n<p>&#8211; Essa foi a primeira de muitas a\u00e7\u00f5es sociais que pretendemos realizar. A Uni\u00e3o de Maric\u00e1 n\u00e3o quer apenas viver durante a fase de carnaval, mas fazer a diferen\u00e7a real na vida das pessoas, o ano inteiro. O samba tem esse poder de reunir, emocionar e transformar e \u00e9 isso que vamos levar adiante como miss\u00e3o &#8211; afirmou Matheus Santos.<\/p>\n<p>A entrega refor\u00e7a o compromisso da Uni\u00e3o de Maric\u00e1 com a solidariedade e a cidadania, fortalecendo os la\u00e7os entre a escola e o povo da cidade, uma marca iniciada atrav\u00e9s desta nova administra\u00e7\u00e3o. Em breve, novas a\u00e7\u00f5es ser\u00e3o realizadas com este cunho.<\/p>\n<p>Fotos: Raine Gomes<\/p>\n","protected":false},"excerpt":{"rendered":"<p>Uni\u00e3o de Maric\u00e1 entrega mais de uma tonelada de alimentos a institui\u00e7\u00f5es do munic\u00edpio Arrecadados durante a Feijoada de S\u00e3o Jorge, os mantimentos foram doados no in\u00edcio desta semana Na \u00faltima segunda-feira (5), a Uni\u00e3o de Maric\u00e1 entregou mais de uma tonelada de alimentos arrecadados durante a Feijoada de S\u00e3o Jorge, realizada no \u00faltimo dia [&hellip;]<\/p>\n","protected":false},"author":1,"featured_media":2560,"comment_status":"closed","ping_status":"closed","sticky":false,"template":"","format":"standard","meta":{"footnotes":""},"categories":[13],"tags":[151,163,155,153,154,159,152,162],"class_list":["post-2559","post","type-post","status-publish","format-standard","has-post-thumbnail","hentry","category-fashion","tag-carnaval","tag-grupo-especial","tag-intendente-magalhaes","tag-mundo-do-carnaval","tag-rio-de-janeiro","tag-samba","tag-sapucai","tag-serie-ouro"],"_links":{"self":[{"href":"https:\/\/mundodocarnaval.com.br\/pt_br\/wp-json\/wp\/v2\/posts\/2559","targetHints":{"allow":["GET"]}}],"collection":[{"href":"https:\/\/mundodocarnaval.com.br\/pt_br\/wp-json\/wp\/v2\/posts"}],"about":[{"href":"https:\/\/mundodocarnaval.com.br\/pt_br\/wp-json\/wp\/v2\/types\/post"}],"author":[{"embeddable":true,"href":"https:\/\/mundodocarnaval.com.br\/pt_br\/wp-json\/wp\/v2\/users\/1"}],"replies":[{"embeddable":true,"href":"https:\/\/mundodocarnaval.com.br\/pt_br\/wp-json\/wp\/v2\/comments?post=2559"}],"version-history":[{"count":1,"href":"https:\/\/mundodocarnaval.com.br\/pt_br\/wp-json\/wp\/v2\/posts\/2559\/revisions"}],"predecessor-version":[{"id":2561,"href":"https:\/\/mundodocarnaval.com.br\/pt_br\/wp-json\/wp\/v2\/posts\/2559\/revisions\/2561"}],"wp:featuredmedia":[{"embeddable":true,"href":"https:\/\/mundodocarnaval.com.br\/pt_br\/wp-json\/wp\/v2\/media\/2560"}],"wp:attachment":[{"href":"https:\/\/mundodocarnaval.com.br\/pt_br\/wp-json\/wp\/v2\/media?parent=2559"}],"wp:term":[{"taxonomy":"category","embeddable":true,"href":"https:\/\/mundodocarnaval.com.br\/pt_br\/wp-json\/wp\/v2\/categories?post=2559"},{"taxonomy":"post_tag","embeddable":true,"href":"https:\/\/mundodocarnaval.com.br\/pt_br\/wp-json\/wp\/v2\/tags?post=2559"}],"curies":[{"name":"wp","href":"https:\/\/api.w.org\/{rel}","templated":true}]}}