{"id":2562,"date":"2025-05-08T23:41:29","date_gmt":"2025-05-09T02:41:29","guid":{"rendered":"https:\/\/mundodocarnaval.com.br\/?p=2562"},"modified":"2025-05-08T23:41:29","modified_gmt":"2025-05-09T02:41:29","slug":"edson-pereira-e-o-responsavel-pelo-projeto-de-carnaval-de-2026-da-inocentes-de-belford-roxo","status":"publish","type":"post","link":"https:\/\/mundodocarnaval.com.br\/pt_br\/edson-pereira-e-o-responsavel-pelo-projeto-de-carnaval-de-2026-da-inocentes-de-belford-roxo\/","title":{"rendered":"Edson Pereira \u00e9 o respons\u00e1vel pelo projeto de carnaval de 2026 da Inocentes de Belford Roxo"},"content":{"rendered":"<p>Edson Pereira \u00e9 o respons\u00e1vel do projeto de carnaval de 2026 de Belford Roxo<\/p>\n<p>Para levantar e desenvolver o projeto carnavalesco para 2026, a Inocentes de Belford Roxo contratou na tarde desta ter\u00e7a-feira (06), o artista pl\u00e1stico e carnavalesco Edson Pereira. O convite foi feito presidente de Honra Reginaldo Gomes.<\/p>\n<p>\u201cChego na Inocentes para somar e fazer um trabalho impactante, como a agremia\u00e7\u00e3o merece, pois \u00e9 uma escola que tem mostrado que possui um grande potencial de disputar o campeonato\u201d, disse o carnavalesco Edson Pereira.<\/p>\n<p>O novo carnavalesco tem como caracter\u00edsticas lideran\u00e7a, capacidade de organiza\u00e7\u00e3o, ousadia nas cria\u00e7\u00f5es e utilizar esculturas gigantes nas alegorias. Sua trajet\u00f3ria teve in\u00edcio com assistente do carnavalesco Chico Spinoza, na Uni\u00e3o da Ilha do Governador. Em seguida formou-se em Belas Artes, come\u00e7ando a trabalhar como desenhista e pintor de artes de escolas de samba. Em 2005, foi convidado para ser o carnavalesco da Unidos de Padre Miguel, ficando at\u00e9 2008,  realizando trabalhos primorosos, que firmaram sua posi\u00e7\u00e3o entre os principais carnavalescos do Rio de Janeiro. Em 2009, com Severo Luzardo, trabalhou no Arranco e Unidos do Aquarius. Estreou no Grupo Especial, em 2010 pela Unidos do Viradouro. Tamb\u00e9m teve passagens pelo Salgueiro, Mocidade e Unidos de Vila Isabel. No carnaval paulistano foi vice-campe\u00e3o com a Mocidade Alegre em 2022.  E colocou a Unidos de Padre Miguel no Grupo Especial, em 2024. Na folia de 2025, foi respons\u00e1vel pela produ\u00e7\u00e3o art\u00edstica da Unidos da Tijuca, sua atual agremia\u00e7\u00e3o, no Grupo da Liesa. <\/p>\n<p>O artista iniciar\u00e1 a varredura para preparar a sinopse do emaranhado que mostrar\u00e1 o turismo e a cultura de Pernambuco.<\/p>\n<p>Foto (divulga\u00e7\u00e3o) 1: Carnavalesco Edson Pereira.<\/p>\n","protected":false},"excerpt":{"rendered":"<p>Edson Pereira \u00e9 o respons\u00e1vel do projeto de carnaval de 2026 de Belford Roxo Para levantar e desenvolver o projeto carnavalesco para 2026, a Inocentes de Belford Roxo contratou na tarde desta ter\u00e7a-feira (06), o artista pl\u00e1stico e carnavalesco Edson Pereira. O convite foi feito presidente de Honra Reginaldo Gomes. \u201cChego na Inocentes para somar [&hellip;]<\/p>\n","protected":false},"author":1,"featured_media":2563,"comment_status":"closed","ping_status":"closed","sticky":false,"template":"","format":"standard","meta":{"footnotes":""},"categories":[13],"tags":[151,163,155,153,154,159,152,162],"class_list":["post-2562","post","type-post","status-publish","format-standard","has-post-thumbnail","hentry","category-fashion","tag-carnaval","tag-grupo-especial","tag-intendente-magalhaes","tag-mundo-do-carnaval","tag-rio-de-janeiro","tag-samba","tag-sapucai","tag-serie-ouro"],"_links":{"self":[{"href":"https:\/\/mundodocarnaval.com.br\/pt_br\/wp-json\/wp\/v2\/posts\/2562","targetHints":{"allow":["GET"]}}],"collection":[{"href":"https:\/\/mundodocarnaval.com.br\/pt_br\/wp-json\/wp\/v2\/posts"}],"about":[{"href":"https:\/\/mundodocarnaval.com.br\/pt_br\/wp-json\/wp\/v2\/types\/post"}],"author":[{"embeddable":true,"href":"https:\/\/mundodocarnaval.com.br\/pt_br\/wp-json\/wp\/v2\/users\/1"}],"replies":[{"embeddable":true,"href":"https:\/\/mundodocarnaval.com.br\/pt_br\/wp-json\/wp\/v2\/comments?post=2562"}],"version-history":[{"count":1,"href":"https:\/\/mundodocarnaval.com.br\/pt_br\/wp-json\/wp\/v2\/posts\/2562\/revisions"}],"predecessor-version":[{"id":2564,"href":"https:\/\/mundodocarnaval.com.br\/pt_br\/wp-json\/wp\/v2\/posts\/2562\/revisions\/2564"}],"wp:featuredmedia":[{"embeddable":true,"href":"https:\/\/mundodocarnaval.com.br\/pt_br\/wp-json\/wp\/v2\/media\/2563"}],"wp:attachment":[{"href":"https:\/\/mundodocarnaval.com.br\/pt_br\/wp-json\/wp\/v2\/media?parent=2562"}],"wp:term":[{"taxonomy":"category","embeddable":true,"href":"https:\/\/mundodocarnaval.com.br\/pt_br\/wp-json\/wp\/v2\/categories?post=2562"},{"taxonomy":"post_tag","embeddable":true,"href":"https:\/\/mundodocarnaval.com.br\/pt_br\/wp-json\/wp\/v2\/tags?post=2562"}],"curies":[{"name":"wp","href":"https:\/\/api.w.org\/{rel}","templated":true}]}}