{"id":2565,"date":"2025-05-09T00:15:11","date_gmt":"2025-05-09T03:15:11","guid":{"rendered":"https:\/\/mundodocarnaval.com.br\/?p=2565"},"modified":"2025-05-12T15:00:58","modified_gmt":"2025-05-12T18:00:58","slug":"1-master-sala-e-porta-banner-casa-do-united-de-vila-isabel-comeca-ensaios-para-o-carnaval-2026","status":"publish","type":"post","link":"https:\/\/mundodocarnaval.com.br\/pt_br\/1-master-sala-e-porta-banner-casa-do-united-de-vila-isabel-comeca-ensaios-para-o-carnaval-2026\/","title":{"rendered":"1\u00b0 casal de mestre-sala e porta-bandeira da Unidos de Vila Isabel inicia ensaios para Carnaval 2026"},"content":{"rendered":"<p>1\u00b0 casal de mestre-sala e porta-bandeira da Unidos de Vila Isabel inicia ensaios para Carnaval 2026<br \/>\nDandara Ventapane e Raphael Rodrigues contam com acompanhamento de equipe multidisciplinar<\/p>\n<p>O primeiro casal de mestre-sala e porta-bandeira da Unidos de Vila Isabel, Dandara Ventapane e Raphael Rodrigues, iniciou nesta quarta-feira (07) os ensaios coreogr\u00e1ficos para o Carnaval 2026.<\/p>\n<p>Dandara, que iniciou no of\u00edcio de porta-bandeira na Vila Isabel, destacou a gratid\u00e3o e a responsabilidade de carregar o pavilh\u00e3o da agremia\u00e7\u00e3o: \u201cVieram muitas lembran\u00e7as de quando eu ensaiava nessa quadra ainda no meu in\u00edcio como porta-bandeira. S\u00e3o muitas lembran\u00e7as nesse ch\u00e3o. Passa um filme na cabe\u00e7a!\u201d<\/p>\n<p>Raphael, que conquistou seu primeiro t\u00edtulo no Grupo Especial com a azul e branca do bairro de Noel, comemorou o retorno: \u201c\u00c9 uma emo\u00e7\u00e3o muito grande estar de volta a essa quadra. Estou muito feliz em poder recome\u00e7ar nesse meu novo momento, agora mais amadurecido, junto com a Dandara. Estou ansioso demais para a estreia!\u201d<\/p>\n<p>O primeiro dia de ensaio foi dedicado a trabalhar a conex\u00e3o do casal. \u201cEsse foi um ensaio especial para n\u00f3s tr\u00eas, porque representa a volta para casa de cada um de n\u00f3s, cada um com a sua hist\u00f3ria. Foi um ensaio que j\u00e1 come\u00e7ou feliz e emocionado. Neste primeiro momento, escolhi focar no trabalho da conex\u00e3o entre a Dandara e o Rafael. A conex\u00e3o do olhar, do movimento e o quanto essa conex\u00e3o \u00e9 expressiva para o trabalho da dan\u00e7a\u201d, explicou a core\u00f3grafa C\u00e1tia Cabral.<\/p>\n<p>Dandara e Raphael contam com o acompanhamento de uma equipe multidisciplinar. A proposta \u00e9 promover um trabalho integrado, que abrange desde o aprimoramento t\u00e9cnico da dan\u00e7a at\u00e9 a prepara\u00e7\u00e3o f\u00edsica dos integrantes do casal. Al\u00e9m da core\u00f3grafa, o grupo \u00e9 composto pela apresentadora de casais Aline Almeida, o fisioterapeuta Arnaldo Gomes e o preparador f\u00edsico Rafael Japa.<\/p>\n<p>Segunda escola a desfilar na ter\u00e7a-feira de Carnaval, a Unidos de Vila Isabel promover\u00e1 neste s\u00e1bado (10) uma roda de samba na Pedra do Sal para apresentar ao p\u00fablico o enredo que levar\u00e1 para a Sapuca\u00ed em 2026.<\/p>\n","protected":false},"excerpt":{"rendered":"<p>1\u00b0 casal de mestre-sala e porta-bandeira da Unidos de Vila Isabel inicia ensaios para Carnaval 2026 Dandara Ventapane e Raphael Rodrigues contam com acompanhamento de equipe multidisciplinar O primeiro casal de mestre-sala e porta-bandeira da Unidos de Vila Isabel, Dandara Ventapane e Raphael Rodrigues, iniciou nesta quarta-feira (07) os ensaios coreogr\u00e1ficos para o Carnaval 2026. [&hellip;]<\/p>\n","protected":false},"author":1,"featured_media":2566,"comment_status":"closed","ping_status":"closed","sticky":false,"template":"","format":"standard","meta":{"footnotes":""},"categories":[12],"tags":[151,163,155,153,154,159,152,162],"class_list":["post-2565","post","type-post","status-publish","format-standard","has-post-thumbnail","hentry","category-grupo-especial","tag-carnaval","tag-grupo-especial","tag-intendente-magalhaes","tag-mundo-do-carnaval","tag-rio-de-janeiro","tag-samba","tag-sapucai","tag-serie-ouro"],"_links":{"self":[{"href":"https:\/\/mundodocarnaval.com.br\/pt_br\/wp-json\/wp\/v2\/posts\/2565","targetHints":{"allow":["GET"]}}],"collection":[{"href":"https:\/\/mundodocarnaval.com.br\/pt_br\/wp-json\/wp\/v2\/posts"}],"about":[{"href":"https:\/\/mundodocarnaval.com.br\/pt_br\/wp-json\/wp\/v2\/types\/post"}],"author":[{"embeddable":true,"href":"https:\/\/mundodocarnaval.com.br\/pt_br\/wp-json\/wp\/v2\/users\/1"}],"replies":[{"embeddable":true,"href":"https:\/\/mundodocarnaval.com.br\/pt_br\/wp-json\/wp\/v2\/comments?post=2565"}],"version-history":[{"count":2,"href":"https:\/\/mundodocarnaval.com.br\/pt_br\/wp-json\/wp\/v2\/posts\/2565\/revisions"}],"predecessor-version":[{"id":2656,"href":"https:\/\/mundodocarnaval.com.br\/pt_br\/wp-json\/wp\/v2\/posts\/2565\/revisions\/2656"}],"wp:featuredmedia":[{"embeddable":true,"href":"https:\/\/mundodocarnaval.com.br\/pt_br\/wp-json\/wp\/v2\/media\/2566"}],"wp:attachment":[{"href":"https:\/\/mundodocarnaval.com.br\/pt_br\/wp-json\/wp\/v2\/media?parent=2565"}],"wp:term":[{"taxonomy":"category","embeddable":true,"href":"https:\/\/mundodocarnaval.com.br\/pt_br\/wp-json\/wp\/v2\/categories?post=2565"},{"taxonomy":"post_tag","embeddable":true,"href":"https:\/\/mundodocarnaval.com.br\/pt_br\/wp-json\/wp\/v2\/tags?post=2565"}],"curies":[{"name":"wp","href":"https:\/\/api.w.org\/{rel}","templated":true}]}}