{"id":2568,"date":"2025-05-11T12:26:25","date_gmt":"2025-05-11T15:26:25","guid":{"rendered":"https:\/\/mundodocarnaval.com.br\/?p=2568"},"modified":"2025-05-11T12:26:25","modified_gmt":"2025-05-11T15:26:25","slug":"rei-momo-kaio-mackenzie-e-o-novo-coordenador-da-ala-de-passistas-da-unidos-do-jacarezinho","status":"publish","type":"post","link":"https:\/\/mundodocarnaval.com.br\/pt_br\/rei-momo-kaio-mackenzie-e-o-novo-coordenador-da-ala-de-passistas-da-unidos-do-jacarezinho\/","title":{"rendered":"Rei Momo Kaio Mackenzie \u00e9 o novo coordenador da Ala de Passistas da Unidos do Jacarezinho"},"content":{"rendered":"<p>Rei Momo Kaio Mackenzie \u00e9 o novo coordenador da Ala de Passistas da Unidos do Jacarezinho<\/p>\n<p>Majestade foi respons\u00e1vel pela chave da cidade nos dois \u00faltimos carnavais<\/p>\n<p>Majestade m\u00e1xima da  Corte Real dos carnavais de 2024 e 2025, Kaio Mackenzie \u00e9 o novo refor\u00e7o da Unidos do Jacarezinho para o carnaval 2026. O atual Rei Momo da cidade do Rio de Janeiro ser\u00e1 o respons\u00e1vel por coordenar a Ala de Passistas da rosa e branco que est\u00e1 de volta \u00e0 Sapuca\u00ed, ap\u00f3s 11 anos. Kaio tamb\u00e9m \u00e9 embaixador do carnaval de Limassol no Chipre (Oriente M\u00e9dio).<\/p>\n<p>Kaio tem apenas 28 anos, mas basta experi\u00eancia com samba no p\u00e9. Come\u00e7ou a desfilar com apenas 5 anos de idade. Foi o primeiro passista mirim da S\u00e3o Clemente e desfilou sua arte do samba como passista na Vila Isabel, Uni\u00e3o da Ilha, Est\u00e1cio de S\u00e1, Para\u00edso do Tuiuti, Caprichosos de Pilares e Unidos de Padre Miguel, mas foi pela Esta\u00e7\u00e3o Primeira de Mangueira que criou identidade. Como coordenador de passistas iniciou sua caminhada na Acad\u00eamicos do Engenho da Rainha, onde ficou por 8 anos. Tamb\u00e9m teve passagens pela Unidos de Bangu, Renascer de Jacarepagu\u00e1 e Caprichosos de Pilares com premia\u00e7\u00f5es nesses trabalhos.<\/p>\n<p>O novo coordenador da ala foi eleito Rei Momo 1\u00ba e \u00danico dos Carnavais 2024 e 2025, fazendo hist\u00f3ria e se tornando o primeiro Rei Momo da Hist\u00f3ria da Esta\u00e7\u00e3o Primeira de Mangueira, madrinha da Unidos do Jacarezinho. Focado nos preparativos, seu trabalho ser\u00e1 pautado no resgate da comunidade atrav\u00e9s de projetos de samba no p\u00e9 e ensaios cont\u00ednuos para a ala, trabalhando a forma art\u00edstica.<\/p>\n<p> &#8211; \u00c9 com muita alegria que chego na agremia\u00e7\u00e3o para comandar um projeto voltado no resgate da comunidade. Fui convidado pelo presidente Matheus e pelo vice Diego, e n\u00e3o tive como negar porque amo um desafio. N\u00e3o faltar\u00e1 trabalho e for\u00e7a de vontade para elevar a ala de passistas do Jacarezinho para o auge \u2013 avisa o coordenador de passistas.<\/p>\n<p>A Unidos do Jacarezinho desfilar\u00e1 no dia 13 de fevereiro de 2026, sendo a primeira escola a pisar na Sapuca\u00ed pela S\u00e9rie Ouro.<\/p>\n<p>Cr\u00e9ditos: Arquivo Pessoal<\/p>\n","protected":false},"excerpt":{"rendered":"<p>Rei Momo Kaio Mackenzie \u00e9 o novo coordenador da Ala de Passistas da Unidos do Jacarezinho Majestade foi respons\u00e1vel pela chave da cidade nos dois \u00faltimos carnavais Majestade m\u00e1xima da Corte Real dos carnavais de 2024 e 2025, Kaio Mackenzie \u00e9 o novo refor\u00e7o da Unidos do Jacarezinho para o carnaval 2026. O atual Rei [&hellip;]<\/p>\n","protected":false},"author":1,"featured_media":2569,"comment_status":"closed","ping_status":"closed","sticky":false,"template":"","format":"standard","meta":{"footnotes":""},"categories":[13],"tags":[151,163,155,153,154,159,152,162],"class_list":["post-2568","post","type-post","status-publish","format-standard","has-post-thumbnail","hentry","category-fashion","tag-carnaval","tag-grupo-especial","tag-intendente-magalhaes","tag-mundo-do-carnaval","tag-rio-de-janeiro","tag-samba","tag-sapucai","tag-serie-ouro"],"_links":{"self":[{"href":"https:\/\/mundodocarnaval.com.br\/pt_br\/wp-json\/wp\/v2\/posts\/2568","targetHints":{"allow":["GET"]}}],"collection":[{"href":"https:\/\/mundodocarnaval.com.br\/pt_br\/wp-json\/wp\/v2\/posts"}],"about":[{"href":"https:\/\/mundodocarnaval.com.br\/pt_br\/wp-json\/wp\/v2\/types\/post"}],"author":[{"embeddable":true,"href":"https:\/\/mundodocarnaval.com.br\/pt_br\/wp-json\/wp\/v2\/users\/1"}],"replies":[{"embeddable":true,"href":"https:\/\/mundodocarnaval.com.br\/pt_br\/wp-json\/wp\/v2\/comments?post=2568"}],"version-history":[{"count":1,"href":"https:\/\/mundodocarnaval.com.br\/pt_br\/wp-json\/wp\/v2\/posts\/2568\/revisions"}],"predecessor-version":[{"id":2570,"href":"https:\/\/mundodocarnaval.com.br\/pt_br\/wp-json\/wp\/v2\/posts\/2568\/revisions\/2570"}],"wp:featuredmedia":[{"embeddable":true,"href":"https:\/\/mundodocarnaval.com.br\/pt_br\/wp-json\/wp\/v2\/media\/2569"}],"wp:attachment":[{"href":"https:\/\/mundodocarnaval.com.br\/pt_br\/wp-json\/wp\/v2\/media?parent=2568"}],"wp:term":[{"taxonomy":"category","embeddable":true,"href":"https:\/\/mundodocarnaval.com.br\/pt_br\/wp-json\/wp\/v2\/categories?post=2568"},{"taxonomy":"post_tag","embeddable":true,"href":"https:\/\/mundodocarnaval.com.br\/pt_br\/wp-json\/wp\/v2\/tags?post=2568"}],"curies":[{"name":"wp","href":"https:\/\/api.w.org\/{rel}","templated":true}]}}