{"id":2571,"date":"2025-05-11T12:55:51","date_gmt":"2025-05-11T15:55:51","guid":{"rendered":"https:\/\/mundodocarnaval.com.br\/?p=2571"},"modified":"2025-05-11T12:55:51","modified_gmt":"2025-05-11T15:55:51","slug":"sabado17-tem-a-comemoracao-do-aniversario-de-35-anos-do-baile-de-charme-do-viaduto-de-madureira","status":"publish","type":"post","link":"https:\/\/mundodocarnaval.com.br\/pt_br\/sabado17-tem-a-comemoracao-do-aniversario-de-35-anos-do-baile-de-charme-do-viaduto-de-madureira\/","title":{"rendered":"S\u00e1bado(17), tem a comemora\u00e7\u00e3o do anivers\u00e1rio de 35 anos do Baile de Charme do Viaduto de Madureira"},"content":{"rendered":"<p>Evento comemora os 45 anos do Movimento Charme no Brasil.<\/p>\n<p>O Baile de Charme mais famoso do pa\u00eds est\u00e1 de anivers\u00e1rio: No pr\u00f3ximo, dia 17 de maio, a partir das 22h, o Dut\u00e3o comemora seus 35 anos de vida em grande estilo recebendo um dos precursores do R&#038;B e popularizador da express\u00e3o \u201ccharme\u201d nos bailes Black cariocas nos anos 80 e 90, &#8216;DJ Corello&#8221;, que vai tocar muitas recorda\u00e7\u00f5es, para emocionar e agitar o p\u00fablico presente. A festa tamb\u00e9m vai comemorar os 45 anos do movimento charme no Brasil.<\/p>\n<p>O evento ter\u00e1 os DJs residentes:  Michell, Fernandinho, Vig, Gab e Guto,com um  convidado especial :  Coletivo Sampa Charme, com DJ Sammy. Os Ingressos j\u00e1 est\u00e3o \u00e0 venda em https:\/\/www.bilheteriadigital.com\/aniversario-do-viaduto-de-madureira-17-de-maio, Classifica\u00e7ao: 18 anos. Mais informa\u00e7\u00f5es: 21) 96475-2020- DJ Michell. <\/p>\n<p>O baile do Viaduto n\u00e3o \u00e9 s\u00f3 tradicional na zona norte do Rio. Desde fevereiro de 2013, se tornou patrim\u00f4nio imaterial da cidade do Rio de Janeiro, e faz parte de toda cultura black dentro e fora do estado, tem os seus DJs residentes e sempre recebe DJs convidados e atra\u00e7\u00f5es diversas em datas especiais, com pre\u00e7os populares mantendo o valor baixo de entrada, mesmo em bailes especiais com grandes atra\u00e7\u00f5es, com presen\u00e7a forte na constru\u00e7\u00e3o da identidade negra, seja pela dan\u00e7a, pelo estilo, ou pela atitude. <\/p>\n<p>Al\u00e9m de eventos semanais e premia\u00e7\u00f5es, o espa\u00e7o j\u00e1 recebeu diversas atra\u00e7\u00f5es internacionais e nacionais: Chingy, Montell Jordan, Darrius, RahDigga, Negra Li, Quelynah, Nina Black, Sampa Crew, Dughettu, Sandra de S\u00e1, Racionais MCs, Rappin Hood, Keith Sweat e muitos outros. <\/p>\n<p>Oferece tamb\u00e9m oportunidades para novos talentos musicais voltados para Black Music e muito bem frequentado por nomes do meio art\u00edstico, sendo respons\u00e1vel por uma grande festa anual do \u201cDia da Consci\u00eancia Negra\u201d, e, constantemente realizando eventos sociais.  <\/p>\n<p>O ESPA\u00c7O CULTURAL RIO HIP HOP CHARME, em 08 de agosto de 2000, ap\u00f3s a promulga\u00e7\u00e3o da Lei n\u00ba 3087\/00 feito pela Diretoria do Bloco Carnavalesco Pagod\u00e3o de Madureira fundado desde 11 de Maio de 1990, se transformou em uma Associa\u00e7\u00e3o Civil, inscrita no CNPJ sob n.\u00ba 04.501.006\/0001-01, com sede social localizada \u00e0 Rua Carvalho de Souza s\/n\u00ba embaixo do Viaduto Negr\u00e3o de Lima \u2013 Madureira.<\/p>\n<p>O espa\u00e7o, localizado no Baixo Madureira, na regi\u00e3o mais nobre da \u00e1rea, oferece eventos: Musicais, Culturais e Sociais voltado para toda classe baixa e m\u00e9dia do Rio de Janeiro.<\/p>\n<p>A Hist\u00f3ria: <\/p>\n<p>Em 11 de Maio de 1990, verdadeiros entusiastas do samba conhecidos como \u201cLeno, Pedro, Edinho e Xandoca\u201d, se organizam e fundam o bloco carnavalesco \u201cPagod\u00e3o de Madureira\u201d, tendo como local de suas manifesta\u00e7\u00f5es a parte inferior do \u201cViaduto Negr\u00e3o de Lima\u201d.<\/p>\n<p>Logo depois, come\u00e7a a hist\u00f3ria do Maior Baile Charme do Brasil.<\/p>\n<p>Um s\u00e1bado, dia tradicional que acontecem os bailes at\u00e9 hoje, inicia-se o \u201cCharme na Rua\u201d do Viaduto de Madureira, com os DJs residentes Markin New Charm, Kally e Loopy, dividindo o toca-discos na estr\u00e9ia com os convidados \u201cDj Malboro (apoiando com seus equipamentos), Fernandinho e Corello. <\/p>\n<p>Tr\u00eas anos depois \u00e9 formado um novo time de DJ&#8217;s: \u201cMarkin, Loopy, Kally, Michell e  A\u201d, optando pelo ritmo \u201cNew Jack Swing\u201d, divulgado em diversos bailes charme na \u00e9poca, variando positivamente sobre o mesmo tema, refor\u00e7ando desta forma o movimento hip-hop carioca que estava no auge, engajado na luta contra a viol\u00eancia que acontecia \u00e0 \u00e9poca nos bailes funk.  <\/p>\n<p>Em seguida, o Governo do Estado, decide reconhecer o Baile Charme, junto \u00e0 organiza\u00e7\u00e3o remanescente do espa\u00e7o, como um instrumento essencial \u00e0 cultura do bairro, assim como as escolas de samba e o jongo: deste modo, em 1995, o \u201cProjeto Charme na Rua\u201d \u00e9 rebatizado de \u201cProjeto Rio Charme\u201d, e tem suas depend\u00eancias reformadas visando o controle e a seguran\u00e7a do p\u00fablico, tornando o espa\u00e7o o que \u00e9 hoje: o Viaduto, conhecido como um centro de concentra\u00e7\u00e3o popular, respons\u00e1vel pela difus\u00e3o da cultura negra no Estado do Rio de Janeiro. <\/p>\n<p>Servi\u00e7o:<\/p>\n<p>Anivers\u00e1rio de 34 anos do Baile charme do Viaduto de Madureira e inaugura\u00e7\u00e3o do Maior Museu da Negritude Urbana.<\/p>\n<p>Data: 17 de maio de 2025 &#8211; s\u00e1bado<\/p>\n<p>Hor\u00e1rio: 22h<\/p>\n<p>Local: Viaduto Negr\u00e3o de Lima- Madureira.                                      <\/p>\n<p>Atra\u00e7\u00f5es: DJ Corello- DJs residentes:  Michell, Fernandinho, Vig, Gab e Guto. Convidado especial:  Coletivo Sampa Charme, com DJ Sammy.<\/p>\n<p>Ingressos Antecipados: R$ 20<\/p>\n<p>https:\/\/www.bilheteriadigital.com\/aniversario-do-viaduto-de-madureira-17-de-maio <\/p>\n<p>Mais informa\u00e7\u00f5es: (21) 96475-2020- DJ Michell.<\/p>\n<p>Classifica\u00e7\u00e3o: 18 anos.<\/p>\n<p>contato@viadutodemadureira.com.br<\/p>\n","protected":false},"excerpt":{"rendered":"<p>Evento comemora os 45 anos do Movimento Charme no Brasil. O Baile de Charme mais famoso do pa\u00eds est\u00e1 de anivers\u00e1rio: No pr\u00f3ximo, dia 17 de maio, a partir das 22h, o Dut\u00e3o comemora seus 35 anos de vida em grande estilo recebendo um dos precursores do R&#038;B e popularizador da express\u00e3o \u201ccharme\u201d nos bailes [&hellip;]<\/p>\n","protected":false},"author":1,"featured_media":2572,"comment_status":"closed","ping_status":"closed","sticky":false,"template":"","format":"standard","meta":{"footnotes":""},"categories":[11],"tags":[151,163,155,153,154,159,152,162],"class_list":["post-2571","post","type-post","status-publish","format-standard","has-post-thumbnail","hentry","category-noticias","tag-carnaval","tag-grupo-especial","tag-intendente-magalhaes","tag-mundo-do-carnaval","tag-rio-de-janeiro","tag-samba","tag-sapucai","tag-serie-ouro"],"_links":{"self":[{"href":"https:\/\/mundodocarnaval.com.br\/pt_br\/wp-json\/wp\/v2\/posts\/2571","targetHints":{"allow":["GET"]}}],"collection":[{"href":"https:\/\/mundodocarnaval.com.br\/pt_br\/wp-json\/wp\/v2\/posts"}],"about":[{"href":"https:\/\/mundodocarnaval.com.br\/pt_br\/wp-json\/wp\/v2\/types\/post"}],"author":[{"embeddable":true,"href":"https:\/\/mundodocarnaval.com.br\/pt_br\/wp-json\/wp\/v2\/users\/1"}],"replies":[{"embeddable":true,"href":"https:\/\/mundodocarnaval.com.br\/pt_br\/wp-json\/wp\/v2\/comments?post=2571"}],"version-history":[{"count":1,"href":"https:\/\/mundodocarnaval.com.br\/pt_br\/wp-json\/wp\/v2\/posts\/2571\/revisions"}],"predecessor-version":[{"id":2573,"href":"https:\/\/mundodocarnaval.com.br\/pt_br\/wp-json\/wp\/v2\/posts\/2571\/revisions\/2573"}],"wp:featuredmedia":[{"embeddable":true,"href":"https:\/\/mundodocarnaval.com.br\/pt_br\/wp-json\/wp\/v2\/media\/2572"}],"wp:attachment":[{"href":"https:\/\/mundodocarnaval.com.br\/pt_br\/wp-json\/wp\/v2\/media?parent=2571"}],"wp:term":[{"taxonomy":"category","embeddable":true,"href":"https:\/\/mundodocarnaval.com.br\/pt_br\/wp-json\/wp\/v2\/categories?post=2571"},{"taxonomy":"post_tag","embeddable":true,"href":"https:\/\/mundodocarnaval.com.br\/pt_br\/wp-json\/wp\/v2\/tags?post=2571"}],"curies":[{"name":"wp","href":"https:\/\/api.w.org\/{rel}","templated":true}]}}