{"id":2643,"date":"2025-05-12T14:19:38","date_gmt":"2025-05-12T17:19:38","guid":{"rendered":"https:\/\/mundodocarnaval.com.br\/?p=2643"},"modified":"2025-05-12T14:19:38","modified_gmt":"2025-05-12T17:19:38","slug":"academicos-de-niteroi-anuncia-novidades-na-direcao-de-carnaval-para-2026","status":"publish","type":"post","link":"https:\/\/mundodocarnaval.com.br\/pt_br\/academicos-de-niteroi-anuncia-novidades-na-direcao-de-carnaval-para-2026\/","title":{"rendered":"Acad\u00eamicos de Niter\u00f3i anuncia novidades na Dire\u00e7\u00e3o de Carnaval para 2026"},"content":{"rendered":"<p>Acad\u00eamicos de Niter\u00f3i anuncia novidades na Dire\u00e7\u00e3o de Carnaval para 2026<\/p>\n<p>A Acad\u00eamicos de Niter\u00f3i segue se refor\u00e7ando rumo a sua estreia no Grupo Especial do carnaval carioca. A azul e branca da cidade sorriso anunciou Hamilton Junior, Saulo Tinoco e Ricardo Simpatia na Dire\u00e7\u00e3o de Carnaval da agremia\u00e7\u00e3o. O trio chega com todo g\u00e1s no time que a campe\u00e3 da S\u00e9rie Ouro est\u00e1 montando para o desfile de 2026.<\/p>\n<p>Saulo Tinoco tem passagens em escolas como Viradouro, Mangueira, Grande Rio, Uni\u00e3o da Ilha, Renascer e no \u00faltimo ano esteve na Inocentes de Belford Roxo. Tamb\u00e9m acumula em seu curr\u00edculo trabalhos no carnaval de Uruguaiana e Friburgo.<\/p>\n<p>Ricardo Simpatia possui uma vasta experi\u00eancia na folia com passagens na fun\u00e7\u00e3o de Diretor Geral de carnaval na Mocidade Independente de Padre Miguel, Santa Cruz e Unidos da Ponte, al\u00e9m de ter sido tetracampe\u00e3o em disputa de samba como compositor da Mocidade Independente. Hamilton J\u00fanior foi diretor executivo na Unidos da Ponte no carnaval de 2025, al\u00e9m de passagens como diretor de bateria no carnaval carioca.<\/p>\n<p>Fotos: Alex Sandro Gardel \/ Divulga\u00e7\u00e3o Gardel Assessoria<\/p>\n","protected":false},"excerpt":{"rendered":"<p>Acad\u00eamicos de Niter\u00f3i anuncia novidades na Dire\u00e7\u00e3o de Carnaval para 2026 A Acad\u00eamicos de Niter\u00f3i segue se refor\u00e7ando rumo a sua estreia no Grupo Especial do carnaval carioca. A azul e branca da cidade sorriso anunciou Hamilton Junior, Saulo Tinoco e Ricardo Simpatia na Dire\u00e7\u00e3o de Carnaval da agremia\u00e7\u00e3o. O trio chega com todo g\u00e1s [&hellip;]<\/p>\n","protected":false},"author":1,"featured_media":2644,"comment_status":"closed","ping_status":"closed","sticky":false,"template":"","format":"standard","meta":{"footnotes":""},"categories":[12],"tags":[151,163,155,153,154,159,152,162],"class_list":["post-2643","post","type-post","status-publish","format-standard","has-post-thumbnail","hentry","category-grupo-especial","tag-carnaval","tag-grupo-especial","tag-intendente-magalhaes","tag-mundo-do-carnaval","tag-rio-de-janeiro","tag-samba","tag-sapucai","tag-serie-ouro"],"_links":{"self":[{"href":"https:\/\/mundodocarnaval.com.br\/pt_br\/wp-json\/wp\/v2\/posts\/2643","targetHints":{"allow":["GET"]}}],"collection":[{"href":"https:\/\/mundodocarnaval.com.br\/pt_br\/wp-json\/wp\/v2\/posts"}],"about":[{"href":"https:\/\/mundodocarnaval.com.br\/pt_br\/wp-json\/wp\/v2\/types\/post"}],"author":[{"embeddable":true,"href":"https:\/\/mundodocarnaval.com.br\/pt_br\/wp-json\/wp\/v2\/users\/1"}],"replies":[{"embeddable":true,"href":"https:\/\/mundodocarnaval.com.br\/pt_br\/wp-json\/wp\/v2\/comments?post=2643"}],"version-history":[{"count":1,"href":"https:\/\/mundodocarnaval.com.br\/pt_br\/wp-json\/wp\/v2\/posts\/2643\/revisions"}],"predecessor-version":[{"id":2645,"href":"https:\/\/mundodocarnaval.com.br\/pt_br\/wp-json\/wp\/v2\/posts\/2643\/revisions\/2645"}],"wp:featuredmedia":[{"embeddable":true,"href":"https:\/\/mundodocarnaval.com.br\/pt_br\/wp-json\/wp\/v2\/media\/2644"}],"wp:attachment":[{"href":"https:\/\/mundodocarnaval.com.br\/pt_br\/wp-json\/wp\/v2\/media?parent=2643"}],"wp:term":[{"taxonomy":"category","embeddable":true,"href":"https:\/\/mundodocarnaval.com.br\/pt_br\/wp-json\/wp\/v2\/categories?post=2643"},{"taxonomy":"post_tag","embeddable":true,"href":"https:\/\/mundodocarnaval.com.br\/pt_br\/wp-json\/wp\/v2\/tags?post=2643"}],"curies":[{"name":"wp","href":"https:\/\/api.w.org\/{rel}","templated":true}]}}