{"id":2646,"date":"2025-05-12T14:25:42","date_gmt":"2025-05-12T17:25:42","guid":{"rendered":"https:\/\/mundodocarnaval.com.br\/?p=2646"},"modified":"2025-05-12T14:25:42","modified_gmt":"2025-05-12T17:25:42","slug":"tuiuti-apresenta-sinopse-do-enredo-para-carnaval-2026","status":"publish","type":"post","link":"https:\/\/mundodocarnaval.com.br\/pt_br\/tuiuti-apresenta-sinopse-do-enredo-para-carnaval-2026\/","title":{"rendered":"Tuiuti apresenta sinopse do enredo para Carnaval 2026"},"content":{"rendered":"<p>Tuiuti apresenta sinopse do enredo para Carnaval 2026 nesta ter\u00e7a-feira (13\/05)<\/p>\n<p>O Para\u00edso do Tuiuti apresenta nesta ter\u00e7a-feira, dia 13 de maio, a partir das 19h, a sinopse do enredo &#8220;Lon\u00e3 If\u00e1 Lukumi&#8221;, do carnavalesco Jack Vasconcelos, para o Carnaval 2026. A leitura vai ocorrer durante o evento &#8220;Tutu de Preto Velho&#8221;, que j\u00e1 virou tradi\u00e7\u00e3o da agremia\u00e7\u00e3o de S\u00e3o Crist\u00f3v\u00e3o. Al\u00e9m de servir o prato, os segmentos da azul e amarelo ir\u00e3o se apresentar e haver\u00e1 mais uma etapa do concurso para eleger o novo segundo casal de mestre-sala e porta-bandeira da escola. A entrada ser\u00e1 gratuita.<\/p>\n<p>*foto de divulga\u00e7\u00e3o\/gipeprodu\u00e7\u00e3o em anexo.<\/p>\n<p>Servi\u00e7o:<br \/>\nTutu de Preto Velho com leitura da sinopse para o Carnaval 2026<br \/>\nData: Ter\u00e7a-feira, 13 de maio,<br \/>\nHor\u00e1rio: a partir das 19h<br \/>\nEndere\u00e7o: Campo de S\u00e3o Crist\u00f3v\u00e3o, n\u00ba 33, em S\u00e3o Crist\u00f3v\u00e3o \u2013 RJ<br \/>\nEntrada: Gratuita<\/p>\n","protected":false},"excerpt":{"rendered":"<p>Tuiuti apresenta sinopse do enredo para Carnaval 2026 nesta ter\u00e7a-feira (13\/05) O Para\u00edso do Tuiuti apresenta nesta ter\u00e7a-feira, dia 13 de maio, a partir das 19h, a sinopse do enredo &#8220;Lon\u00e3 If\u00e1 Lukumi&#8221;, do carnavalesco Jack Vasconcelos, para o Carnaval 2026. A leitura vai ocorrer durante o evento &#8220;Tutu de Preto Velho&#8221;, que j\u00e1 virou [&hellip;]<\/p>\n","protected":false},"author":1,"featured_media":2647,"comment_status":"closed","ping_status":"closed","sticky":false,"template":"","format":"standard","meta":{"footnotes":""},"categories":[12],"tags":[151,163,155,153,154,159,152,162],"class_list":["post-2646","post","type-post","status-publish","format-standard","has-post-thumbnail","hentry","category-grupo-especial","tag-carnaval","tag-grupo-especial","tag-intendente-magalhaes","tag-mundo-do-carnaval","tag-rio-de-janeiro","tag-samba","tag-sapucai","tag-serie-ouro"],"_links":{"self":[{"href":"https:\/\/mundodocarnaval.com.br\/pt_br\/wp-json\/wp\/v2\/posts\/2646","targetHints":{"allow":["GET"]}}],"collection":[{"href":"https:\/\/mundodocarnaval.com.br\/pt_br\/wp-json\/wp\/v2\/posts"}],"about":[{"href":"https:\/\/mundodocarnaval.com.br\/pt_br\/wp-json\/wp\/v2\/types\/post"}],"author":[{"embeddable":true,"href":"https:\/\/mundodocarnaval.com.br\/pt_br\/wp-json\/wp\/v2\/users\/1"}],"replies":[{"embeddable":true,"href":"https:\/\/mundodocarnaval.com.br\/pt_br\/wp-json\/wp\/v2\/comments?post=2646"}],"version-history":[{"count":1,"href":"https:\/\/mundodocarnaval.com.br\/pt_br\/wp-json\/wp\/v2\/posts\/2646\/revisions"}],"predecessor-version":[{"id":2648,"href":"https:\/\/mundodocarnaval.com.br\/pt_br\/wp-json\/wp\/v2\/posts\/2646\/revisions\/2648"}],"wp:featuredmedia":[{"embeddable":true,"href":"https:\/\/mundodocarnaval.com.br\/pt_br\/wp-json\/wp\/v2\/media\/2647"}],"wp:attachment":[{"href":"https:\/\/mundodocarnaval.com.br\/pt_br\/wp-json\/wp\/v2\/media?parent=2646"}],"wp:term":[{"taxonomy":"category","embeddable":true,"href":"https:\/\/mundodocarnaval.com.br\/pt_br\/wp-json\/wp\/v2\/categories?post=2646"},{"taxonomy":"post_tag","embeddable":true,"href":"https:\/\/mundodocarnaval.com.br\/pt_br\/wp-json\/wp\/v2\/tags?post=2646"}],"curies":[{"name":"wp","href":"https:\/\/api.w.org\/{rel}","templated":true}]}}