{"id":2649,"date":"2025-05-12T14:35:46","date_gmt":"2025-05-12T17:35:46","guid":{"rendered":"https:\/\/mundodocarnaval.com.br\/?p=2649"},"modified":"2025-05-12T14:35:46","modified_gmt":"2025-05-12T17:35:46","slug":"neguinho-da-beija-flor-e-atracao-especial-na-feijoada-de-maio-do-salgueiro","status":"publish","type":"post","link":"https:\/\/mundodocarnaval.com.br\/pt_br\/neguinho-da-beija-flor-e-atracao-especial-na-feijoada-de-maio-do-salgueiro\/","title":{"rendered":"Neguinho da Beija-Flor \u00e9 atra\u00e7\u00e3o especial na Feijoada de Maio do Salgueiro"},"content":{"rendered":"<p>Neguinho da Beija-Flor \u00e9 atra\u00e7\u00e3o especial na Feijoada de Maio do Salgueiro<\/p>\n<p>A tradicional Feijoada do Acad\u00eamicos do Salgueiro acontece, excepcionalmente, no terceiro domingo do m\u00eas, dia 18 de maio, a partir das 13h, na quadra da escola, no Andara\u00ed, zona norte do Rio. A edi\u00e7\u00e3o de maio ter\u00e1 como atra\u00e7\u00e3o principal o consagrado int\u00e9rprete Neguinho da Beija-Flor, que promete um show completo para os amantes do samba.<\/p>\n<p>Al\u00e9m de Neguinho, a programa\u00e7\u00e3o contar\u00e1 com apresenta\u00e7\u00f5es de Dinho Luz e do grupo Etiketa. O encerramento ficar\u00e1 por conta do Elenco Show do Salgueiro, sob dire\u00e7\u00e3o art\u00edstica de Carlinhos Salgueiro, acompanhado da Bateria Furiosa, comandada pelos mestres Guilherme e Gustavo, com os vocais de Igor Sorriso e o carro de som liderado por Alem\u00e3o do Cavaco.<\/p>\n<p>Servida pelas baianas da Academia do Samba, a feijoada ser\u00e1 oferecida das 13h \u00e0s 17h. Os ingressos j\u00e1 est\u00e3o \u00e0 venda no site GuicheWeb, com pre\u00e7os a partir de R$ 50. As op\u00e7\u00f5es incluem ingresso individual, jirau (com pulseira), mesas para quatro pessoas e camarotes laterais e frontais com capacidade para at\u00e9 15 pessoas.<\/p>\n<p>O evento conta com patroc\u00ednio de grandes marcas como Perdig\u00e3o, Brahma, Guaracamp, Chinezinho, Pit\u00fa, FM O Dia, Fant\u00e1stico Alimentos, Equiloc Loca\u00e7\u00e3o, Mercado Flamar, 3 Cora\u00e7\u00f5es, Criar Sign, Nutrimos e Urbano Alimentos.<\/p>\n<p>Servi\u00e7o \u2013 Feijoada do Salgueiro \u2013 Maio 2025<br \/>\nData: 18 de maio de 2025 (domingo)<br \/>\nHor\u00e1rio: A partir das 13h<br \/>\nLocal: Quadra do Salgueiro \u2013 Rua Silva Teles, 104, Andara\u00ed \u2013 Rio de Janeiro<br \/>\nFeijoada: Servida das 13h \u00e0s 17h<br \/>\nIngressos: \u00c0 venda no site GuicheWeb \u2013 valores a partir de R$ 50<\/p>\n<p>Fotos: Anderson Borde e Rog\u00e9rio Neves<\/p>\n","protected":false},"excerpt":{"rendered":"<p>Neguinho da Beija-Flor \u00e9 atra\u00e7\u00e3o especial na Feijoada de Maio do Salgueiro A tradicional Feijoada do Acad\u00eamicos do Salgueiro acontece, excepcionalmente, no terceiro domingo do m\u00eas, dia 18 de maio, a partir das 13h, na quadra da escola, no Andara\u00ed, zona norte do Rio. A edi\u00e7\u00e3o de maio ter\u00e1 como atra\u00e7\u00e3o principal o consagrado int\u00e9rprete [&hellip;]<\/p>\n","protected":false},"author":1,"featured_media":2650,"comment_status":"closed","ping_status":"closed","sticky":false,"template":"","format":"standard","meta":{"footnotes":""},"categories":[11],"tags":[151,163,155,153,154,159,152,162],"class_list":["post-2649","post","type-post","status-publish","format-standard","has-post-thumbnail","hentry","category-noticias","tag-carnaval","tag-grupo-especial","tag-intendente-magalhaes","tag-mundo-do-carnaval","tag-rio-de-janeiro","tag-samba","tag-sapucai","tag-serie-ouro"],"_links":{"self":[{"href":"https:\/\/mundodocarnaval.com.br\/pt_br\/wp-json\/wp\/v2\/posts\/2649","targetHints":{"allow":["GET"]}}],"collection":[{"href":"https:\/\/mundodocarnaval.com.br\/pt_br\/wp-json\/wp\/v2\/posts"}],"about":[{"href":"https:\/\/mundodocarnaval.com.br\/pt_br\/wp-json\/wp\/v2\/types\/post"}],"author":[{"embeddable":true,"href":"https:\/\/mundodocarnaval.com.br\/pt_br\/wp-json\/wp\/v2\/users\/1"}],"replies":[{"embeddable":true,"href":"https:\/\/mundodocarnaval.com.br\/pt_br\/wp-json\/wp\/v2\/comments?post=2649"}],"version-history":[{"count":1,"href":"https:\/\/mundodocarnaval.com.br\/pt_br\/wp-json\/wp\/v2\/posts\/2649\/revisions"}],"predecessor-version":[{"id":2651,"href":"https:\/\/mundodocarnaval.com.br\/pt_br\/wp-json\/wp\/v2\/posts\/2649\/revisions\/2651"}],"wp:featuredmedia":[{"embeddable":true,"href":"https:\/\/mundodocarnaval.com.br\/pt_br\/wp-json\/wp\/v2\/media\/2650"}],"wp:attachment":[{"href":"https:\/\/mundodocarnaval.com.br\/pt_br\/wp-json\/wp\/v2\/media?parent=2649"}],"wp:term":[{"taxonomy":"category","embeddable":true,"href":"https:\/\/mundodocarnaval.com.br\/pt_br\/wp-json\/wp\/v2\/categories?post=2649"},{"taxonomy":"post_tag","embeddable":true,"href":"https:\/\/mundodocarnaval.com.br\/pt_br\/wp-json\/wp\/v2\/tags?post=2649"}],"curies":[{"name":"wp","href":"https:\/\/api.w.org\/{rel}","templated":true}]}}