{"id":2652,"date":"2025-05-12T14:55:12","date_gmt":"2025-05-12T17:55:12","guid":{"rendered":"https:\/\/mundodocarnaval.com.br\/?p=2652"},"modified":"2025-05-12T14:55:12","modified_gmt":"2025-05-12T17:55:12","slug":"vila-isabel-anuncia-enredo-para-o-carnaval-2026-macumbembe-samboremba-sonhei-que-um-sambista-sonhou-a-africa","status":"publish","type":"post","link":"https:\/\/mundodocarnaval.com.br\/pt_br\/vila-isabel-anuncia-enredo-para-o-carnaval-2026-macumbembe-samboremba-sonhei-que-um-sambista-sonhou-a-africa\/","title":{"rendered":"Vila Isabel anuncia enredo para o Carnaval 2026: \u201cMacumbemb\u00ea, Samboremba: Sonhei que um Sambista Sonhou a \u00c1frica\u201d"},"content":{"rendered":"<p>Vila Isabel anuncia enredo para o Carnaval 2026: \u201cMacumbemb\u00ea, Samboremba: Sonhei que um Sambista Sonhou a \u00c1frica\u201d <\/p>\n<p>A Unidos de Vila Isabel escolheu a Pedra do Sal um local ancestral no \u201ccora\u00e7\u00e3o do bairro da Sa\u00fade, no Rio de Janeiro, mais precisamente no p\u00e9 do Morro da Concei\u00e7\u00e3o. \u00c9 uma \u00e1rea hist\u00f3rica e religiosa\u201d Para apresentar o enredo: \u201cMacumbemb\u00ea, Samboremba: Sonhei que um Sambista Sonhou a \u00c1frica\u201d <\/p>\n<p>Com este enredo a Unidos de Vila Isabel presta uma homenagem a Heitor dos Prazeres. Criador dos termos \u201cPequena \u00c1frica\u201d e \u00c1frica em miniatura\u201d sempre que se referia \u00e0 regi\u00e3o da Antiga Pra\u00e7a Onze no Centro do Rio, a apresenta\u00e7\u00e3o ocorreu neste s\u00e1bado (10). <\/p>\n<p>Fotos: Paulo Costa <\/p>\n","protected":false},"excerpt":{"rendered":"<p>Vila Isabel anuncia enredo para o Carnaval 2026: \u201cMacumbemb\u00ea, Samboremba: Sonhei que um Sambista Sonhou a \u00c1frica\u201d A Unidos de Vila Isabel escolheu a Pedra do Sal um local ancestral no \u201ccora\u00e7\u00e3o do bairro da Sa\u00fade, no Rio de Janeiro, mais precisamente no p\u00e9 do Morro da Concei\u00e7\u00e3o. \u00c9 uma \u00e1rea hist\u00f3rica e religiosa\u201d Para [&hellip;]<\/p>\n","protected":false},"author":1,"featured_media":2653,"comment_status":"closed","ping_status":"closed","sticky":false,"template":"","format":"standard","meta":{"footnotes":""},"categories":[11],"tags":[151,163,155,153,154,159,152,162],"class_list":["post-2652","post","type-post","status-publish","format-standard","has-post-thumbnail","hentry","category-noticias","tag-carnaval","tag-grupo-especial","tag-intendente-magalhaes","tag-mundo-do-carnaval","tag-rio-de-janeiro","tag-samba","tag-sapucai","tag-serie-ouro"],"_links":{"self":[{"href":"https:\/\/mundodocarnaval.com.br\/pt_br\/wp-json\/wp\/v2\/posts\/2652","targetHints":{"allow":["GET"]}}],"collection":[{"href":"https:\/\/mundodocarnaval.com.br\/pt_br\/wp-json\/wp\/v2\/posts"}],"about":[{"href":"https:\/\/mundodocarnaval.com.br\/pt_br\/wp-json\/wp\/v2\/types\/post"}],"author":[{"embeddable":true,"href":"https:\/\/mundodocarnaval.com.br\/pt_br\/wp-json\/wp\/v2\/users\/1"}],"replies":[{"embeddable":true,"href":"https:\/\/mundodocarnaval.com.br\/pt_br\/wp-json\/wp\/v2\/comments?post=2652"}],"version-history":[{"count":1,"href":"https:\/\/mundodocarnaval.com.br\/pt_br\/wp-json\/wp\/v2\/posts\/2652\/revisions"}],"predecessor-version":[{"id":2654,"href":"https:\/\/mundodocarnaval.com.br\/pt_br\/wp-json\/wp\/v2\/posts\/2652\/revisions\/2654"}],"wp:featuredmedia":[{"embeddable":true,"href":"https:\/\/mundodocarnaval.com.br\/pt_br\/wp-json\/wp\/v2\/media\/2653"}],"wp:attachment":[{"href":"https:\/\/mundodocarnaval.com.br\/pt_br\/wp-json\/wp\/v2\/media?parent=2652"}],"wp:term":[{"taxonomy":"category","embeddable":true,"href":"https:\/\/mundodocarnaval.com.br\/pt_br\/wp-json\/wp\/v2\/categories?post=2652"},{"taxonomy":"post_tag","embeddable":true,"href":"https:\/\/mundodocarnaval.com.br\/pt_br\/wp-json\/wp\/v2\/tags?post=2652"}],"curies":[{"name":"wp","href":"https:\/\/api.w.org\/{rel}","templated":true}]}}