{"id":2657,"date":"2025-05-12T15:09:28","date_gmt":"2025-05-12T18:09:28","guid":{"rendered":"https:\/\/mundodocarnaval.com.br\/?p=2657"},"modified":"2025-05-12T15:09:28","modified_gmt":"2025-05-12T18:09:28","slug":"academicos-da-ponta-da-areia-anuncia-miguel-junior-como-novo-diretor-de-carnaval-e-harmonia","status":"publish","type":"post","link":"https:\/\/mundodocarnaval.com.br\/pt_br\/academicos-da-ponta-da-areia-anuncia-miguel-junior-como-novo-diretor-de-carnaval-e-harmonia\/","title":{"rendered":"Acad\u00eamicos da Ponta da Areia anuncia Miguel J\u00fanior como novo Diretor de Carnaval e Harmonia"},"content":{"rendered":"<p>Acad\u00eamicos da Ponta da Areia anuncia Miguel J\u00fanior como novo Diretor de Carnaval e Harmonia<\/p>\n<p>A Acad\u00eamicos da Ponta da Areia segue refor\u00e7ando seu time rumo ao Carnaval 2026. A escola anuncia a chegada de Miguel J\u00fanior como novo Diretor de Carnaval e Harmonia, profissional reconhecido por sua trajet\u00f3ria vitoriosa e comprometida no carnaval.<\/p>\n<p>Formado pela EFA (Escola de Forma\u00e7\u00e3o de Avaliadores), vinculada \u00e0 UESP (Uni\u00e3o das Escolas de Samba de S\u00e3o Paulo), Miguel \u00e9 especialista no quesito Harmonia e traz no curr\u00edculo passagens por grandes agremia\u00e7\u00f5es do Carnaval brasileiro.<\/p>\n<p>Foi integrante da Comiss\u00e3o de Harmonia da Unidos do Porto da Pedra, onde participou da conquista do t\u00edtulo da S\u00e9rie Ouro em 2023, que garantiu o retorno da escola ao Grupo Especial. Atualmente, atua como Diretor Geral de Harmonia do Arrast\u00e3o de Cascadura, na S\u00e9rie Prata do Carnaval Carioca, e do Imp\u00e9rio de F\u00e1tima, no Carnaval de Vit\u00f3ria (ES). Ao longo da carreira, tamb\u00e9m contribuiu com escolas como Acad\u00eamicos do Salgueiro, Uni\u00e3o de Maric\u00e1 e Em Cima da Hora.<\/p>\n<p>Animado com o novo desafio, Miguel comemora a oportunidade:<\/p>\n<p>\u201cFiquei extremamente feliz com o convite do presidente Gustavo e da diretoria. \u00c9 uma alegria chegar a uma escola onde reencontro grandes amigos que o Carnaval me deu. Al\u00e9m disso, participar do nascimento de uma hist\u00f3ria \u00e9 algo muito especial. Vou me dedicar ao m\u00e1ximo para que essa trajet\u00f3ria seja de muitas vit\u00f3rias para a Ponta da Areia.\u201d<\/p>\n<p>O presidente da agremia\u00e7\u00e3o, Gustavo Soares, tamb\u00e9m destacou a import\u00e2ncia do refor\u00e7o:<\/p>\n<p>\u201cA chegada de Miguel J\u00fanior representa mais um passo firme da Acad\u00eamicos da Ponta da Areia na sua caminhada no Carnaval de Niter\u00f3i. Estamos organizando a escola e trazendo profissionais de excel\u00eancia para construir um futuro vitorioso.\u201d<\/p>\n","protected":false},"excerpt":{"rendered":"<p>Acad\u00eamicos da Ponta da Areia anuncia Miguel J\u00fanior como novo Diretor de Carnaval e Harmonia A Acad\u00eamicos da Ponta da Areia segue refor\u00e7ando seu time rumo ao Carnaval 2026. A escola anuncia a chegada de Miguel J\u00fanior como novo Diretor de Carnaval e Harmonia, profissional reconhecido por sua trajet\u00f3ria vitoriosa e comprometida no carnaval. Formado [&hellip;]<\/p>\n","protected":false},"author":1,"featured_media":2658,"comment_status":"closed","ping_status":"closed","sticky":false,"template":"","format":"standard","meta":{"footnotes":""},"categories":[17],"tags":[151,163,155,153,154,159,152,162],"class_list":["post-2657","post","type-post","status-publish","format-standard","has-post-thumbnail","hentry","category-carnaval-de-niteroi","tag-carnaval","tag-grupo-especial","tag-intendente-magalhaes","tag-mundo-do-carnaval","tag-rio-de-janeiro","tag-samba","tag-sapucai","tag-serie-ouro"],"_links":{"self":[{"href":"https:\/\/mundodocarnaval.com.br\/pt_br\/wp-json\/wp\/v2\/posts\/2657","targetHints":{"allow":["GET"]}}],"collection":[{"href":"https:\/\/mundodocarnaval.com.br\/pt_br\/wp-json\/wp\/v2\/posts"}],"about":[{"href":"https:\/\/mundodocarnaval.com.br\/pt_br\/wp-json\/wp\/v2\/types\/post"}],"author":[{"embeddable":true,"href":"https:\/\/mundodocarnaval.com.br\/pt_br\/wp-json\/wp\/v2\/users\/1"}],"replies":[{"embeddable":true,"href":"https:\/\/mundodocarnaval.com.br\/pt_br\/wp-json\/wp\/v2\/comments?post=2657"}],"version-history":[{"count":1,"href":"https:\/\/mundodocarnaval.com.br\/pt_br\/wp-json\/wp\/v2\/posts\/2657\/revisions"}],"predecessor-version":[{"id":2659,"href":"https:\/\/mundodocarnaval.com.br\/pt_br\/wp-json\/wp\/v2\/posts\/2657\/revisions\/2659"}],"wp:featuredmedia":[{"embeddable":true,"href":"https:\/\/mundodocarnaval.com.br\/pt_br\/wp-json\/wp\/v2\/media\/2658"}],"wp:attachment":[{"href":"https:\/\/mundodocarnaval.com.br\/pt_br\/wp-json\/wp\/v2\/media?parent=2657"}],"wp:term":[{"taxonomy":"category","embeddable":true,"href":"https:\/\/mundodocarnaval.com.br\/pt_br\/wp-json\/wp\/v2\/categories?post=2657"},{"taxonomy":"post_tag","embeddable":true,"href":"https:\/\/mundodocarnaval.com.br\/pt_br\/wp-json\/wp\/v2\/tags?post=2657"}],"curies":[{"name":"wp","href":"https:\/\/api.w.org\/{rel}","templated":true}]}}