{"id":2666,"date":"2025-05-15T10:05:28","date_gmt":"2025-05-15T13:05:28","guid":{"rendered":"https:\/\/mundodocarnaval.com.br\/?p=2666"},"modified":"2025-05-15T10:05:28","modified_gmt":"2025-05-15T13:05:28","slug":"bloco-zimbaue-realiza-feijoada-no-proximo-domingo","status":"publish","type":"post","link":"https:\/\/mundodocarnaval.com.br\/pt_br\/bloco-zimbaue-realiza-feijoada-no-proximo-domingo\/","title":{"rendered":"Bloco Zimbau\u00ea realiza feijoada no pr\u00f3ximo domingo"},"content":{"rendered":"<p>O Gr\u00eamio Recreativo Bloco Carnavalesco Zimbau\u00ea realizar\u00e1 no pr\u00f3ximo domingo, dia 18 de maio, a partir das 13 horas, a Feijoada do Zimbau\u00ea.<\/p>\n<p>A tarde promete ser muito animada com os segmentos da agremia\u00e7\u00e3o, al\u00e9m da participa\u00e7\u00e3o das coirm\u00e3s: Velha Guarda do Boi da Ilha do Governador, G.R.B.C. Canarinhos das Laranjeiras e G.R.B.C. Unidos da Ribeira.<\/p>\n<p>O evento, que ter\u00e1 entrada gratuita, ser\u00e1 realizado na Estrada do Dend\u00ea, 191, na Ilha do Governador. A feijoada ser\u00e1 servida pelo pre\u00e7o de R$ 25,00. Quem gosta de uma gelada pode se preparar, pois haver\u00e1 promo\u00e7\u00e3o de cervejas no local. <\/p>\n","protected":false},"excerpt":{"rendered":"<p>O Gr\u00eamio Recreativo Bloco Carnavalesco Zimbau\u00ea realizar\u00e1 no pr\u00f3ximo domingo, dia 18 de maio, a partir das 13 horas, a Feijoada do Zimbau\u00ea. A tarde promete ser muito animada com os segmentos da agremia\u00e7\u00e3o, al\u00e9m da participa\u00e7\u00e3o das coirm\u00e3s: Velha Guarda do Boi da Ilha do Governador, G.R.B.C. Canarinhos das Laranjeiras e G.R.B.C. Unidos da [&hellip;]<\/p>\n","protected":false},"author":1,"featured_media":2667,"comment_status":"closed","ping_status":"closed","sticky":false,"template":"","format":"standard","meta":{"footnotes":""},"categories":[15],"tags":[151,163,155,153,154,159,152,162],"class_list":["post-2666","post","type-post","status-publish","format-standard","has-post-thumbnail","hentry","category-blocos","tag-carnaval","tag-grupo-especial","tag-intendente-magalhaes","tag-mundo-do-carnaval","tag-rio-de-janeiro","tag-samba","tag-sapucai","tag-serie-ouro"],"_links":{"self":[{"href":"https:\/\/mundodocarnaval.com.br\/pt_br\/wp-json\/wp\/v2\/posts\/2666","targetHints":{"allow":["GET"]}}],"collection":[{"href":"https:\/\/mundodocarnaval.com.br\/pt_br\/wp-json\/wp\/v2\/posts"}],"about":[{"href":"https:\/\/mundodocarnaval.com.br\/pt_br\/wp-json\/wp\/v2\/types\/post"}],"author":[{"embeddable":true,"href":"https:\/\/mundodocarnaval.com.br\/pt_br\/wp-json\/wp\/v2\/users\/1"}],"replies":[{"embeddable":true,"href":"https:\/\/mundodocarnaval.com.br\/pt_br\/wp-json\/wp\/v2\/comments?post=2666"}],"version-history":[{"count":1,"href":"https:\/\/mundodocarnaval.com.br\/pt_br\/wp-json\/wp\/v2\/posts\/2666\/revisions"}],"predecessor-version":[{"id":2668,"href":"https:\/\/mundodocarnaval.com.br\/pt_br\/wp-json\/wp\/v2\/posts\/2666\/revisions\/2668"}],"wp:featuredmedia":[{"embeddable":true,"href":"https:\/\/mundodocarnaval.com.br\/pt_br\/wp-json\/wp\/v2\/media\/2667"}],"wp:attachment":[{"href":"https:\/\/mundodocarnaval.com.br\/pt_br\/wp-json\/wp\/v2\/media?parent=2666"}],"wp:term":[{"taxonomy":"category","embeddable":true,"href":"https:\/\/mundodocarnaval.com.br\/pt_br\/wp-json\/wp\/v2\/categories?post=2666"},{"taxonomy":"post_tag","embeddable":true,"href":"https:\/\/mundodocarnaval.com.br\/pt_br\/wp-json\/wp\/v2\/tags?post=2666"}],"curies":[{"name":"wp","href":"https:\/\/api.w.org\/{rel}","templated":true}]}}