{"id":2669,"date":"2025-05-15T12:56:47","date_gmt":"2025-05-15T15:56:47","guid":{"rendered":"https:\/\/mundodocarnaval.com.br\/?p=2669"},"modified":"2025-05-15T12:59:30","modified_gmt":"2025-05-15T15:59:30","slug":"unidos-de-padre-miguel-promove-acao-social-com-atendimento-juridico-gratuito-neste-sabado","status":"publish","type":"post","link":"https:\/\/mundodocarnaval.com.br\/pt_br\/unidos-de-padre-miguel-promove-acao-social-com-atendimento-juridico-gratuito-neste-sabado\/","title":{"rendered":"Unidos de Padre Miguel promove a\u00e7\u00e3o social com atendimento jur\u00eddico gratuito neste s\u00e1bado"},"content":{"rendered":"<p>Unidos de Padre Miguel promove a\u00e7\u00e3o social com atendimento jur\u00eddico gratuito neste s\u00e1bado<\/p>\n<p>No pr\u00f3ximo s\u00e1bado, dia 17 de maio, a Unidos de Padre Miguel realiza uma importante a\u00e7\u00e3o social em sua quadra, localizada na Rua Mesquita, n\u00ba 8, em Padre Miguel. A iniciativa, que tem in\u00edcio \u00e0s 10h, oferecer\u00e1 atendimento jur\u00eddico gratuito \u00e0 popula\u00e7\u00e3o, com o objetivo de ampliar o acesso \u00e0 justi\u00e7a e garantir cidadania a quem mais precisa.<\/p>\n<p>A a\u00e7\u00e3o \u00e9 realizada em parceria com a empresa Acesso \u00e0 Justi\u00e7a e contar\u00e1 com uma equipe especializada pronta para tirar d\u00favidas e orientar os participantes em diversas \u00e1reas do direito. Para ser atendido, \u00e9 necess\u00e1rio levar os documentos pessoais e eventuais pap\u00e9is relacionados ao caso.<\/p>\n<p>Entre os servi\u00e7os oferecidos est\u00e3o:<br \/>\n\u2022 Orienta\u00e7\u00f5es para trabalhadores demitidos sem receber seus direitos<br \/>\n\u2022 Casos de ass\u00e9dio no ambiente de trabalho<br \/>\n\u2022 Apoio para pedidos de aposentadoria<br \/>\n\u2022 Solicita\u00e7\u00e3o de benef\u00edcios do INSS<br \/>\n\u2022 Queixas de consumidores enganados por empresas<br \/>\n\u2022 A\u00e7\u00f5es judiciais contra empregadores ou empresas<\/p>\n<p>A Unidos de Padre Miguel  convida todos os moradores da regi\u00e3o a aproveitarem essa oportunidade de orienta\u00e7\u00e3o jur\u00eddica gratuita.<\/p>\n<p>Servi\u00e7o:<br \/>\nA\u00e7\u00e3o Social \u2013 Atendimento Jur\u00eddico Gratuito<br \/>\nData: S\u00e1bado, 17 de maio<br \/>\nHor\u00e1rio: A partir das 10h<br \/>\nLocal: Quadra da Unidos de Padre Miguel<br \/>\nEndere\u00e7o: Rua Mesquita, n\u00ba 8 \u2013 Padre Miguel<br \/>\nRealiza\u00e7\u00e3o: Unidos de Padre Miguel em parceria com a empresa Acesso \u00e0 Justi\u00e7a<\/p>\n","protected":false},"excerpt":{"rendered":"<p>Unidos de Padre Miguel promove a\u00e7\u00e3o social com atendimento jur\u00eddico gratuito neste s\u00e1bado No pr\u00f3ximo s\u00e1bado, dia 17 de maio, a Unidos de Padre Miguel realiza uma importante a\u00e7\u00e3o social em sua quadra, localizada na Rua Mesquita, n\u00ba 8, em Padre Miguel. A iniciativa, que tem in\u00edcio \u00e0s 10h, oferecer\u00e1 atendimento jur\u00eddico gratuito \u00e0 popula\u00e7\u00e3o, [&hellip;]<\/p>\n","protected":false},"author":1,"featured_media":2672,"comment_status":"closed","ping_status":"closed","sticky":false,"template":"","format":"standard","meta":{"footnotes":""},"categories":[13],"tags":[151,163,155,153,154,159,152,162],"class_list":["post-2669","post","type-post","status-publish","format-standard","has-post-thumbnail","hentry","category-fashion","tag-carnaval","tag-grupo-especial","tag-intendente-magalhaes","tag-mundo-do-carnaval","tag-rio-de-janeiro","tag-samba","tag-sapucai","tag-serie-ouro"],"_links":{"self":[{"href":"https:\/\/mundodocarnaval.com.br\/pt_br\/wp-json\/wp\/v2\/posts\/2669","targetHints":{"allow":["GET"]}}],"collection":[{"href":"https:\/\/mundodocarnaval.com.br\/pt_br\/wp-json\/wp\/v2\/posts"}],"about":[{"href":"https:\/\/mundodocarnaval.com.br\/pt_br\/wp-json\/wp\/v2\/types\/post"}],"author":[{"embeddable":true,"href":"https:\/\/mundodocarnaval.com.br\/pt_br\/wp-json\/wp\/v2\/users\/1"}],"replies":[{"embeddable":true,"href":"https:\/\/mundodocarnaval.com.br\/pt_br\/wp-json\/wp\/v2\/comments?post=2669"}],"version-history":[{"count":1,"href":"https:\/\/mundodocarnaval.com.br\/pt_br\/wp-json\/wp\/v2\/posts\/2669\/revisions"}],"predecessor-version":[{"id":2671,"href":"https:\/\/mundodocarnaval.com.br\/pt_br\/wp-json\/wp\/v2\/posts\/2669\/revisions\/2671"}],"wp:featuredmedia":[{"embeddable":true,"href":"https:\/\/mundodocarnaval.com.br\/pt_br\/wp-json\/wp\/v2\/media\/2672"}],"wp:attachment":[{"href":"https:\/\/mundodocarnaval.com.br\/pt_br\/wp-json\/wp\/v2\/media?parent=2669"}],"wp:term":[{"taxonomy":"category","embeddable":true,"href":"https:\/\/mundodocarnaval.com.br\/pt_br\/wp-json\/wp\/v2\/categories?post=2669"},{"taxonomy":"post_tag","embeddable":true,"href":"https:\/\/mundodocarnaval.com.br\/pt_br\/wp-json\/wp\/v2\/tags?post=2669"}],"curies":[{"name":"wp","href":"https:\/\/api.w.org\/{rel}","templated":true}]}}