{"id":2673,"date":"2025-05-15T15:51:16","date_gmt":"2025-05-15T18:51:16","guid":{"rendered":"https:\/\/mundodocarnaval.com.br\/?p=2673"},"modified":"2025-05-15T15:51:16","modified_gmt":"2025-05-15T18:51:16","slug":"unidos-de-cosmos-inicia-disputa-de-samba-enredo-para-o-carnaval-2026","status":"publish","type":"post","link":"https:\/\/mundodocarnaval.com.br\/pt_br\/unidos-de-cosmos-inicia-disputa-de-samba-enredo-para-o-carnaval-2026\/","title":{"rendered":"Unidos de Cosmos inicia disputa de samba-enredo para o Carnaval 2026"},"content":{"rendered":"<p>Unidos de Cosmos inicia disputa de samba-enredo para o Carnaval 2026 com tema voltado \u00e0 ancestralidade<\/p>\n<p>O Gr\u00eamio Recreativo Escola de Samba Unidos de Cosmos anunciou o in\u00edcio oficial da disputa que definir\u00e1 seu samba-enredo para o Carnaval 2026. O enredo escolhido para o pr\u00f3ximo desfile tem como t\u00edtulo &#8220;AHAMA \u2013 \u00c9 preciso resgatar para resistir&#8221; e ser\u00e1 desenvolvido pelo carnavalesco Raphael Ladeira.<\/p>\n<p>O cronograma da disputa prev\u00ea a entrega das sinopses e a explana\u00e7\u00e3o do enredo no dia 16 de maio, \u00e0s 19h, na quadra da escola. Est\u00e3o previstas tr\u00eas sess\u00f5es para esclarecimento de d\u00favidas, marcadas para os dias 22 e 29 de maio e 5 de junho, sempre das 20h \u00e0s 21h.<\/p>\n<p>O per\u00edodo para entrega dos sambas concorrentes ser\u00e1 no dia 11 de julho, das 18h \u00e0s 22h. J\u00e1 a apresenta\u00e7\u00e3o dos sambas e dos compositores inscritos ocorrer\u00e1 em 13 de julho. As fases eliminat\u00f3rias seguir\u00e3o da seguinte forma:<\/p>\n<p>Primeiro corte de samba: 18 de julho<\/p>\n<p>Segundo corte de samba: 8 de agosto<\/p>\n<p>Semifinal: com data ainda a ser definida<\/p>\n<p>Final: 6 de setembro<\/p>\n<p>A disputa ser\u00e1 realizada conforme os crit\u00e9rios definidos pela diretoria da agremia\u00e7\u00e3o e ser\u00e1 aberta \u00e0 participa\u00e7\u00e3o de compositores da escola e da comunidade.<\/p>\n<p>A Bateria Estrela Guia, setor respons\u00e1vel pela sustenta\u00e7\u00e3o r\u00edtmica da escola, tamb\u00e9m iniciar\u00e1 seus preparativos para o pr\u00f3ximo carnaval. Os ensaios retornar\u00e3o no dia 23 de maio, com encontro marcado para as 19h, na quadra da escola. A convoca\u00e7\u00e3o \u00e9 voltada tanto para ritmistas antigos quanto para novos integrantes que desejem participar da bateria.<\/p>\n<p>Mais informa\u00e7\u00f5es e atualiza\u00e7\u00f5es sobre o processo de escolha do samba-enredo ser\u00e3o divulgadas pelos canais oficiais da escola.<\/p>\n","protected":false},"excerpt":{"rendered":"<p>Unidos de Cosmos inicia disputa de samba-enredo para o Carnaval 2026 com tema voltado \u00e0 ancestralidade O Gr\u00eamio Recreativo Escola de Samba Unidos de Cosmos anunciou o in\u00edcio oficial da disputa que definir\u00e1 seu samba-enredo para o Carnaval 2026. O enredo escolhido para o pr\u00f3ximo desfile tem como t\u00edtulo &#8220;AHAMA \u2013 \u00c9 preciso resgatar para [&hellip;]<\/p>\n","protected":false},"author":1,"featured_media":2674,"comment_status":"closed","ping_status":"closed","sticky":false,"template":"","format":"standard","meta":{"footnotes":""},"categories":[14],"tags":[151,163,155,153,154,159,152,162],"class_list":["post-2673","post","type-post","status-publish","format-standard","has-post-thumbnail","hentry","category-gadgets","tag-carnaval","tag-grupo-especial","tag-intendente-magalhaes","tag-mundo-do-carnaval","tag-rio-de-janeiro","tag-samba","tag-sapucai","tag-serie-ouro"],"_links":{"self":[{"href":"https:\/\/mundodocarnaval.com.br\/pt_br\/wp-json\/wp\/v2\/posts\/2673","targetHints":{"allow":["GET"]}}],"collection":[{"href":"https:\/\/mundodocarnaval.com.br\/pt_br\/wp-json\/wp\/v2\/posts"}],"about":[{"href":"https:\/\/mundodocarnaval.com.br\/pt_br\/wp-json\/wp\/v2\/types\/post"}],"author":[{"embeddable":true,"href":"https:\/\/mundodocarnaval.com.br\/pt_br\/wp-json\/wp\/v2\/users\/1"}],"replies":[{"embeddable":true,"href":"https:\/\/mundodocarnaval.com.br\/pt_br\/wp-json\/wp\/v2\/comments?post=2673"}],"version-history":[{"count":1,"href":"https:\/\/mundodocarnaval.com.br\/pt_br\/wp-json\/wp\/v2\/posts\/2673\/revisions"}],"predecessor-version":[{"id":2675,"href":"https:\/\/mundodocarnaval.com.br\/pt_br\/wp-json\/wp\/v2\/posts\/2673\/revisions\/2675"}],"wp:featuredmedia":[{"embeddable":true,"href":"https:\/\/mundodocarnaval.com.br\/pt_br\/wp-json\/wp\/v2\/media\/2674"}],"wp:attachment":[{"href":"https:\/\/mundodocarnaval.com.br\/pt_br\/wp-json\/wp\/v2\/media?parent=2673"}],"wp:term":[{"taxonomy":"category","embeddable":true,"href":"https:\/\/mundodocarnaval.com.br\/pt_br\/wp-json\/wp\/v2\/categories?post=2673"},{"taxonomy":"post_tag","embeddable":true,"href":"https:\/\/mundodocarnaval.com.br\/pt_br\/wp-json\/wp\/v2\/tags?post=2673"}],"curies":[{"name":"wp","href":"https:\/\/api.w.org\/{rel}","templated":true}]}}