{"id":2676,"date":"2025-05-15T16:02:17","date_gmt":"2025-05-15T19:02:17","guid":{"rendered":"https:\/\/mundodocarnaval.com.br\/?p=2676"},"modified":"2025-05-15T16:02:17","modified_gmt":"2025-05-15T19:02:17","slug":"tatiana-breia-recebe-premio-especial-valorizando-sua-luta-pela-educacao-e-inclusao-no-carnaval-carioca","status":"publish","type":"post","link":"https:\/\/mundodocarnaval.com.br\/pt_br\/tatiana-breia-recebe-premio-especial-valorizando-sua-luta-pela-educacao-e-inclusao-no-carnaval-carioca\/","title":{"rendered":"Tatiana Breia recebe pr\u00eamio especial valorizando sua luta pela educa\u00e7\u00e3o e inclus\u00e3o no carnaval carioca"},"content":{"rendered":"<p>Tatiana Breia recebe pr\u00eamio especial valorizando sua luta pela educa\u00e7\u00e3o e inclus\u00e3o no carnaval carioca<\/p>\n<p>Os preparativos para o carnaval de 2026 j\u00e1 come\u00e7aram, mas a musa da educa\u00e7\u00e3o, Tatiana Breia, ainda est\u00e1 colhendo os frutos do desfile de 2025. A beldade recebeu um pr\u00eamio especial do \u201cRainhas e Reis\u201d, em reconhecimento a todo seu trabalho realizado em sua trajet\u00f3ria na folia carioca.<\/p>\n<p>H\u00e1 22 anos no carnaval, a musa da educa\u00e7\u00e3o sempre levantou a bandeira exaltando as crian\u00e7as, que s\u00e3o o futuro do nosso samba, e a inclus\u00e3o. Em 2025, al\u00e9m do seu retorno \u00e0 frente da ala mirim, esteve desfilando ao lado do seu filho especial, Gabriel, de apenas 6 anos. O pr\u00eamio veio apenas para coroar o brilhante ano da musa, que segue renovada na Uni\u00e3o da Ilha do Governador.<\/p>\n<p>&#8211; Esse pr\u00eamio \u00e9 mais do que especial. Hoje se eu estou aqui n\u00e3o \u00e9 simplesmente pelo cargo de musa e sim por todo o meu trabalho em prol das crian\u00e7as. O t\u00edtulo \u201cMusa da educa\u00e7\u00e3o\u201d n\u00e3o \u00e9 em v\u00e3o. S\u00e3o por todas as crian\u00e7as que est\u00e3o inseridas no carnaval. S\u00e3o 22 anos de carnaval, 22 anos acreditando que as crian\u00e7as precisam estar nesse meio, que o educar dentro de uma escola de samba faz parte, o educar atrav\u00e9s da arte, da cultura, e \u00e9 por isso que eu sempre batalhei l\u00e1 atr\u00e1s, desde quando eu me joguei, porque eu fui convidada pra pertencer a esse mundo do carnaval. \u2013 finaliza a musa.<\/p>\n<p>Para a noite especial, Tatiana recebeu o prest\u00edgio da fam\u00edlia Rolszt, fundadores da agremia\u00e7\u00e3o insulana, dos amigos Cah\u00ea Rodrigues, Vanessa Rangeli, Lili Tud\u00e3o, al\u00e9m de celebrar com amigos presentes e premiados, como a Empres\u00e1ria Ros\u00e2ngela Melo, a rainha de bateria Quit\u00e9ria Chagas e o rei de bateria Jhon Avelino.<\/p>\n<p>Fotos: @fotosdebernar<\/p>\n","protected":false},"excerpt":{"rendered":"<p>Tatiana Breia recebe pr\u00eamio especial valorizando sua luta pela educa\u00e7\u00e3o e inclus\u00e3o no carnaval carioca Os preparativos para o carnaval de 2026 j\u00e1 come\u00e7aram, mas a musa da educa\u00e7\u00e3o, Tatiana Breia, ainda est\u00e1 colhendo os frutos do desfile de 2025. A beldade recebeu um pr\u00eamio especial do \u201cRainhas e Reis\u201d, em reconhecimento a todo seu [&hellip;]<\/p>\n","protected":false},"author":1,"featured_media":2677,"comment_status":"closed","ping_status":"closed","sticky":false,"template":"","format":"standard","meta":{"footnotes":""},"categories":[11],"tags":[151,163,155,153,154,159,152,162],"class_list":["post-2676","post","type-post","status-publish","format-standard","has-post-thumbnail","hentry","category-noticias","tag-carnaval","tag-grupo-especial","tag-intendente-magalhaes","tag-mundo-do-carnaval","tag-rio-de-janeiro","tag-samba","tag-sapucai","tag-serie-ouro"],"_links":{"self":[{"href":"https:\/\/mundodocarnaval.com.br\/pt_br\/wp-json\/wp\/v2\/posts\/2676","targetHints":{"allow":["GET"]}}],"collection":[{"href":"https:\/\/mundodocarnaval.com.br\/pt_br\/wp-json\/wp\/v2\/posts"}],"about":[{"href":"https:\/\/mundodocarnaval.com.br\/pt_br\/wp-json\/wp\/v2\/types\/post"}],"author":[{"embeddable":true,"href":"https:\/\/mundodocarnaval.com.br\/pt_br\/wp-json\/wp\/v2\/users\/1"}],"replies":[{"embeddable":true,"href":"https:\/\/mundodocarnaval.com.br\/pt_br\/wp-json\/wp\/v2\/comments?post=2676"}],"version-history":[{"count":1,"href":"https:\/\/mundodocarnaval.com.br\/pt_br\/wp-json\/wp\/v2\/posts\/2676\/revisions"}],"predecessor-version":[{"id":2678,"href":"https:\/\/mundodocarnaval.com.br\/pt_br\/wp-json\/wp\/v2\/posts\/2676\/revisions\/2678"}],"wp:featuredmedia":[{"embeddable":true,"href":"https:\/\/mundodocarnaval.com.br\/pt_br\/wp-json\/wp\/v2\/media\/2677"}],"wp:attachment":[{"href":"https:\/\/mundodocarnaval.com.br\/pt_br\/wp-json\/wp\/v2\/media?parent=2676"}],"wp:term":[{"taxonomy":"category","embeddable":true,"href":"https:\/\/mundodocarnaval.com.br\/pt_br\/wp-json\/wp\/v2\/categories?post=2676"},{"taxonomy":"post_tag","embeddable":true,"href":"https:\/\/mundodocarnaval.com.br\/pt_br\/wp-json\/wp\/v2\/tags?post=2676"}],"curies":[{"name":"wp","href":"https:\/\/api.w.org\/{rel}","templated":true}]}}