{"id":2679,"date":"2025-05-15T16:17:04","date_gmt":"2025-05-15T19:17:04","guid":{"rendered":"https:\/\/mundodocarnaval.com.br\/?p=2679"},"modified":"2025-05-15T16:17:04","modified_gmt":"2025-05-15T19:17:04","slug":"evento-especial-celebra-o-mes-das-maes-com-palestra-inspiradora-sobre-empreendedorismo-feminino","status":"publish","type":"post","link":"https:\/\/mundodocarnaval.com.br\/pt_br\/evento-especial-celebra-o-mes-das-maes-com-palestra-inspiradora-sobre-empreendedorismo-feminino\/","title":{"rendered":"Evento especial celebra o m\u00eas das m\u00e3es com palestra inspiradora sobre empreendedorismo feminino"},"content":{"rendered":"<p>Evento especial celebra o m\u00eas das m\u00e3es com palestra inspiradora sobre empreendedorismo feminino<\/p>\n<p>No pr\u00f3ximo dia 19 de maio, \u00e0s 18h, o projeto Aprendizes do Salgueiro recebe um evento especial em celebra\u00e7\u00e3o ao m\u00eas das m\u00e3es: a palestra \u201cCabe\u00e7a de Dona, Presen\u00e7a de Poderosa\u201d, com a mentora e empreendedora Amanda Dias, fundadora da Nail Boss.<\/p>\n<p>Com uma linguagem acess\u00edvel e envolvente, Amanda compartilha sua trajet\u00f3ria e entrega ferramentas pr\u00e1ticas para despertar o potencial empreendedor de cada mulher, independente da sua realidade atual. O foco da palestra vai al\u00e9m dos neg\u00f3cios: \u00e9 sobre transforma\u00e7\u00e3o pessoal, autonomia financeira e protagonismo feminino.<\/p>\n<p>Entre os temas abordados est\u00e3o:<\/p>\n<p>* Como empreender com os recursos que se tem hoje;<br \/>\n* A import\u00e2ncia da mentalidade de crescimento e do reposicionamento pessoal;<br \/>\n* Postura e atitude empreendedora: o diferencial de quem realiza;<br \/>\n* Planejamento simples e eficaz para tirar ideias do papel.<\/p>\n<p>A iniciativa se prop\u00f5e a ser um divisor de \u00e1guas na vida das participantes, oferecendo clareza, dire\u00e7\u00e3o e inspira\u00e7\u00e3o para que mulheres possam acreditar em si e agir com coragem rumo \u00e0 sua independ\u00eancia.<\/p>\n<p>O encontro ser\u00e1 aberto ao p\u00fablico e ter\u00e1 ainda um momento de caf\u00e9 com networking, criando um ambiente acolhedor e de conex\u00e3o entre mulheres que buscam transformar suas hist\u00f3rias por meio do empreendedorismo.<\/p>\n<p>Data: 19\/05\/2025\u2028<br \/>\nHor\u00e1rio: 18h\u2028Local: Rua Silva Teles, 104 &#8211; Vila Ol\u00edmpica do Salgueiro\u2028Palestra: Cabe\u00e7a de Dona, Presen\u00e7a de Poderosa\u2028Com: Amanda Dias \u2013 Mentora e Empreendedora, fundadora da Nail Boss<\/p>\n<p>Comunica\u00e7\u00e3o Aprendizes do Salgueiro: Luana Viard &#8211; 21993726629<\/p>\n<p>Foto: Divulga\u00e7\u00e3o<\/p>\n","protected":false},"excerpt":{"rendered":"<p>Evento especial celebra o m\u00eas das m\u00e3es com palestra inspiradora sobre empreendedorismo feminino No pr\u00f3ximo dia 19 de maio, \u00e0s 18h, o projeto Aprendizes do Salgueiro recebe um evento especial em celebra\u00e7\u00e3o ao m\u00eas das m\u00e3es: a palestra \u201cCabe\u00e7a de Dona, Presen\u00e7a de Poderosa\u201d, com a mentora e empreendedora Amanda Dias, fundadora da Nail Boss. [&hellip;]<\/p>\n","protected":false},"author":1,"featured_media":2680,"comment_status":"closed","ping_status":"closed","sticky":false,"template":"","format":"standard","meta":{"footnotes":""},"categories":[16],"tags":[151,163,155,153,154,159,152,162],"class_list":["post-2679","post","type-post","status-publish","format-standard","has-post-thumbnail","hentry","category-escolas-mirins","tag-carnaval","tag-grupo-especial","tag-intendente-magalhaes","tag-mundo-do-carnaval","tag-rio-de-janeiro","tag-samba","tag-sapucai","tag-serie-ouro"],"_links":{"self":[{"href":"https:\/\/mundodocarnaval.com.br\/pt_br\/wp-json\/wp\/v2\/posts\/2679","targetHints":{"allow":["GET"]}}],"collection":[{"href":"https:\/\/mundodocarnaval.com.br\/pt_br\/wp-json\/wp\/v2\/posts"}],"about":[{"href":"https:\/\/mundodocarnaval.com.br\/pt_br\/wp-json\/wp\/v2\/types\/post"}],"author":[{"embeddable":true,"href":"https:\/\/mundodocarnaval.com.br\/pt_br\/wp-json\/wp\/v2\/users\/1"}],"replies":[{"embeddable":true,"href":"https:\/\/mundodocarnaval.com.br\/pt_br\/wp-json\/wp\/v2\/comments?post=2679"}],"version-history":[{"count":1,"href":"https:\/\/mundodocarnaval.com.br\/pt_br\/wp-json\/wp\/v2\/posts\/2679\/revisions"}],"predecessor-version":[{"id":2681,"href":"https:\/\/mundodocarnaval.com.br\/pt_br\/wp-json\/wp\/v2\/posts\/2679\/revisions\/2681"}],"wp:featuredmedia":[{"embeddable":true,"href":"https:\/\/mundodocarnaval.com.br\/pt_br\/wp-json\/wp\/v2\/media\/2680"}],"wp:attachment":[{"href":"https:\/\/mundodocarnaval.com.br\/pt_br\/wp-json\/wp\/v2\/media?parent=2679"}],"wp:term":[{"taxonomy":"category","embeddable":true,"href":"https:\/\/mundodocarnaval.com.br\/pt_br\/wp-json\/wp\/v2\/categories?post=2679"},{"taxonomy":"post_tag","embeddable":true,"href":"https:\/\/mundodocarnaval.com.br\/pt_br\/wp-json\/wp\/v2\/tags?post=2679"}],"curies":[{"name":"wp","href":"https:\/\/api.w.org\/{rel}","templated":true}]}}