{"id":2682,"date":"2025-05-15T16:28:18","date_gmt":"2025-05-15T19:28:18","guid":{"rendered":"https:\/\/mundodocarnaval.com.br\/?p=2682"},"modified":"2025-05-15T16:28:18","modified_gmt":"2025-05-15T19:28:18","slug":"independente-da-praca-da-bandeira-renova-com-interprete-diego-nascimento-para-o-carnaval-2026","status":"publish","type":"post","link":"https:\/\/mundodocarnaval.com.br\/pt_br\/independente-da-praca-da-bandeira-renova-com-interprete-diego-nascimento-para-o-carnaval-2026\/","title":{"rendered":"Independente da Pra\u00e7a da Bandeira renova com Int\u00e9rprete Diego Nascimento para o carnaval 2026"},"content":{"rendered":"<p>Independente da Pra\u00e7a da Bandeira renova com Int\u00e9rprete Diego Nascimento para o carnaval 2026<\/p>\n<p>Iniciando os preparativos para o carnaval de 2026, a Independente da Pra\u00e7a da Bandeira anunciou a renova\u00e7\u00e3o do Int\u00e9rprete Oficial, Diego Nascimento. Na escola desde o carnaval de 2009, Diego \u00e9 o primeiro nome confirmado na equipe da agremia\u00e7\u00e3o, integrante da S\u00e9rie Prata da Intendente Magalh\u00e3es.<\/p>\n<p>Diego come\u00e7ou sua vida de cantor em S\u00e3o Paulo na X9 Paulistana e na Grande Rio, onde atualmente \u00e9 cantor de apoio. Tamb\u00e9m tem passagens pela Aboli\u00e7\u00e3o, Beija-flor e Portela. Como cantor oficial tem passagens pela Le\u00e3o de Nova Igua\u00e7u, Favo de Acari e Em Cima da Hora.<\/p>\n<p>&#8211; A Independente da Pra\u00e7a da Bandeira \u00e9 a escola que me abriu as portas na Marqu\u00eas de Sapuca\u00ed l\u00e1 em 2009, mesmo com tanto tempo todo ano \u00e9 uma emo\u00e7\u00e3o, um aprendizado e um nervoso diferente. Nosso trabalho para 2026 j\u00e1 est\u00e1 a todo vapor. Nosso trabalho est\u00e1 todo voltado \u00e0s nossas apresenta\u00e7\u00f5es, shows da escola e j\u00e1 guardando o hino do pr\u00f3ximo ano \u2013 revela Diego.<\/p>\n","protected":false},"excerpt":{"rendered":"<p>Independente da Pra\u00e7a da Bandeira renova com Int\u00e9rprete Diego Nascimento para o carnaval 2026 Iniciando os preparativos para o carnaval de 2026, a Independente da Pra\u00e7a da Bandeira anunciou a renova\u00e7\u00e3o do Int\u00e9rprete Oficial, Diego Nascimento. Na escola desde o carnaval de 2009, Diego \u00e9 o primeiro nome confirmado na equipe da agremia\u00e7\u00e3o, integrante da [&hellip;]<\/p>\n","protected":false},"author":1,"featured_media":2683,"comment_status":"closed","ping_status":"closed","sticky":false,"template":"","format":"standard","meta":{"footnotes":""},"categories":[14],"tags":[151,163,155,153,154,159,152,162],"class_list":["post-2682","post","type-post","status-publish","format-standard","has-post-thumbnail","hentry","category-gadgets","tag-carnaval","tag-grupo-especial","tag-intendente-magalhaes","tag-mundo-do-carnaval","tag-rio-de-janeiro","tag-samba","tag-sapucai","tag-serie-ouro"],"_links":{"self":[{"href":"https:\/\/mundodocarnaval.com.br\/pt_br\/wp-json\/wp\/v2\/posts\/2682","targetHints":{"allow":["GET"]}}],"collection":[{"href":"https:\/\/mundodocarnaval.com.br\/pt_br\/wp-json\/wp\/v2\/posts"}],"about":[{"href":"https:\/\/mundodocarnaval.com.br\/pt_br\/wp-json\/wp\/v2\/types\/post"}],"author":[{"embeddable":true,"href":"https:\/\/mundodocarnaval.com.br\/pt_br\/wp-json\/wp\/v2\/users\/1"}],"replies":[{"embeddable":true,"href":"https:\/\/mundodocarnaval.com.br\/pt_br\/wp-json\/wp\/v2\/comments?post=2682"}],"version-history":[{"count":1,"href":"https:\/\/mundodocarnaval.com.br\/pt_br\/wp-json\/wp\/v2\/posts\/2682\/revisions"}],"predecessor-version":[{"id":2684,"href":"https:\/\/mundodocarnaval.com.br\/pt_br\/wp-json\/wp\/v2\/posts\/2682\/revisions\/2684"}],"wp:featuredmedia":[{"embeddable":true,"href":"https:\/\/mundodocarnaval.com.br\/pt_br\/wp-json\/wp\/v2\/media\/2683"}],"wp:attachment":[{"href":"https:\/\/mundodocarnaval.com.br\/pt_br\/wp-json\/wp\/v2\/media?parent=2682"}],"wp:term":[{"taxonomy":"category","embeddable":true,"href":"https:\/\/mundodocarnaval.com.br\/pt_br\/wp-json\/wp\/v2\/categories?post=2682"},{"taxonomy":"post_tag","embeddable":true,"href":"https:\/\/mundodocarnaval.com.br\/pt_br\/wp-json\/wp\/v2\/tags?post=2682"}],"curies":[{"name":"wp","href":"https:\/\/api.w.org\/{rel}","templated":true}]}}