{"id":2685,"date":"2025-05-15T16:37:29","date_gmt":"2025-05-15T19:37:29","guid":{"rendered":"https:\/\/mundodocarnaval.com.br\/?p=2685"},"modified":"2025-05-15T16:37:29","modified_gmt":"2025-05-15T19:37:29","slug":"confira-a-logo-e-sinopse-do-enredo-do-paraiso-do-tuiuti-para-o-carnaval-2026","status":"publish","type":"post","link":"https:\/\/mundodocarnaval.com.br\/pt_br\/confira-a-logo-e-sinopse-do-enredo-do-paraiso-do-tuiuti-para-o-carnaval-2026\/","title":{"rendered":"Confira a logo e sinopse do enredo do Para\u00edso do Tuiuti para o Carnaval 2026"},"content":{"rendered":"<p>Confira a logo e sinopse do enredo do Para\u00edso do Tuiuti para o Carnaval 2026<\/p>\n<p>Em uma noite de celebra\u00e7\u00e3o ao Dia de Preto Velho, o Tuiuti lan\u00e7ou a sinopse e a logo do enredo &#8220;Lon\u00e3 If\u00e1 Lucum\u00ed\u201d para o Carnaval 2026. O texto, desenvolvido pelo carnavalesco Jack Vasconcelos, servir\u00e1 de inspira\u00e7\u00e3o para os compositores Cl\u00e1udio Russo, Gustavo Clar\u00e3o e Luiz Ant\u00f4nio Simas. Eles ser\u00e3o os autores da can\u00e7\u00e3o da azul e amarelo de S\u00e3o Crist\u00f3v\u00e3o do pr\u00f3ximo ano.<\/p>\n<p>J\u00e1 a logo foi feita pelo designer Antonio Vieira. Ele se inspirou em artistas cubanos para criar a marca:<\/p>\n<p>\u201cA confec\u00e7\u00e3o da arte do cartaz teve como base o estilo de pintura e escala crom\u00e1tica de alguns artistas pl\u00e1sticos cubanos, como o surrealista Wilfredo Lam e o expressionista pop Raul Martinez. As tipografias utilizadas para o t\u00edtulo do enredo remetem \u00e0s pinturas urbanas encontradas em Havana em texturas de paredes pintadas, com camadas sobrepostas de cores diferentes, cujo desgaste do tempo exp\u00f5e v\u00e1rias delas. Essas texturas est\u00e3o presentes na paisagem urbana e arquitet\u00f4nica cubana. A predomin\u00e2ncia de tons advindos das cores verde e amarelo se deu por conta delas serem cores relacionadas ao If\u00e1 cubano, diferentemente das cores predominantes do If\u00e1 nigeriano que s\u00e3o o verde e o marrom. A figura do Sacerdote, o Babalorix\u00e1 de If\u00e1, se assemelha propositalmente ao Babala\u00f4 Rafael Zamora, cubano que trouxe o If\u00e1 Lucumi\/cubano para a cidade do Rio de Janeiro\u201d, explicou.<\/p>\n<p>No pr\u00f3ximo Carnaval, o Tuiuti ser\u00e1 a primeira escola a desfilar na ter\u00e7a-feira de carnaval.<\/p>\n","protected":false},"excerpt":{"rendered":"<p>Confira a logo e sinopse do enredo do Para\u00edso do Tuiuti para o Carnaval 2026 Em uma noite de celebra\u00e7\u00e3o ao Dia de Preto Velho, o Tuiuti lan\u00e7ou a sinopse e a logo do enredo &#8220;Lon\u00e3 If\u00e1 Lucum\u00ed\u201d para o Carnaval 2026. O texto, desenvolvido pelo carnavalesco Jack Vasconcelos, servir\u00e1 de inspira\u00e7\u00e3o para os compositores [&hellip;]<\/p>\n","protected":false},"author":1,"featured_media":2686,"comment_status":"closed","ping_status":"closed","sticky":false,"template":"","format":"standard","meta":{"footnotes":""},"categories":[12],"tags":[151,163,155,153,154,159,152,162],"class_list":["post-2685","post","type-post","status-publish","format-standard","has-post-thumbnail","hentry","category-grupo-especial","tag-carnaval","tag-grupo-especial","tag-intendente-magalhaes","tag-mundo-do-carnaval","tag-rio-de-janeiro","tag-samba","tag-sapucai","tag-serie-ouro"],"_links":{"self":[{"href":"https:\/\/mundodocarnaval.com.br\/pt_br\/wp-json\/wp\/v2\/posts\/2685","targetHints":{"allow":["GET"]}}],"collection":[{"href":"https:\/\/mundodocarnaval.com.br\/pt_br\/wp-json\/wp\/v2\/posts"}],"about":[{"href":"https:\/\/mundodocarnaval.com.br\/pt_br\/wp-json\/wp\/v2\/types\/post"}],"author":[{"embeddable":true,"href":"https:\/\/mundodocarnaval.com.br\/pt_br\/wp-json\/wp\/v2\/users\/1"}],"replies":[{"embeddable":true,"href":"https:\/\/mundodocarnaval.com.br\/pt_br\/wp-json\/wp\/v2\/comments?post=2685"}],"version-history":[{"count":1,"href":"https:\/\/mundodocarnaval.com.br\/pt_br\/wp-json\/wp\/v2\/posts\/2685\/revisions"}],"predecessor-version":[{"id":2687,"href":"https:\/\/mundodocarnaval.com.br\/pt_br\/wp-json\/wp\/v2\/posts\/2685\/revisions\/2687"}],"wp:featuredmedia":[{"embeddable":true,"href":"https:\/\/mundodocarnaval.com.br\/pt_br\/wp-json\/wp\/v2\/media\/2686"}],"wp:attachment":[{"href":"https:\/\/mundodocarnaval.com.br\/pt_br\/wp-json\/wp\/v2\/media?parent=2685"}],"wp:term":[{"taxonomy":"category","embeddable":true,"href":"https:\/\/mundodocarnaval.com.br\/pt_br\/wp-json\/wp\/v2\/categories?post=2685"},{"taxonomy":"post_tag","embeddable":true,"href":"https:\/\/mundodocarnaval.com.br\/pt_br\/wp-json\/wp\/v2\/tags?post=2685"}],"curies":[{"name":"wp","href":"https:\/\/api.w.org\/{rel}","templated":true}]}}