{"id":2688,"date":"2025-05-15T16:47:32","date_gmt":"2025-05-15T19:47:32","guid":{"rendered":"https:\/\/mundodocarnaval.com.br\/?p=2688"},"modified":"2025-05-15T16:47:32","modified_gmt":"2025-05-15T19:47:32","slug":"marquinhos-sathan-marcelo-negrao-e-forca-da-cor-confirmados-na-138a-feijoada-do-cacique-de-ramos","status":"publish","type":"post","link":"https:\/\/mundodocarnaval.com.br\/pt_br\/marquinhos-sathan-marcelo-negrao-e-forca-da-cor-confirmados-na-138a-feijoada-do-cacique-de-ramos\/","title":{"rendered":"Marquinhos Sathan, Marcelo Negr\u00e3o e For\u00e7a da Cor confirmados na 138\u00aa Feijoada do Cacique de Ramos"},"content":{"rendered":"<p>Marquinhos Sathan, Marcelo Negr\u00e3o e For\u00e7a da Cor confirmados na 138\u00aa Feijoada do Cacique de Ramos<\/p>\n<p>Robertinho Presidente, Cantor Netto, Fabiano Magalh\u00e3es e Preta Dion\u00edzio completam o line-up<\/p>\n<p>No dia 18 de maio, o Cacique de Ramos promove a 138\u00aa edi\u00e7\u00e3o de sua tradicional feijoada, evento j\u00e1 consolidado no calend\u00e1rio cultural do Templo Sagrado do Samba fundado por Bira Presidente. A atividade, marcada por encontros familiares e pela presen\u00e7a de caravanas de diferentes localidades, ocorre em pleno m\u00eas das m\u00e3es, per\u00edodo que costuma intensificar o clima de confraterniza\u00e7\u00e3o na fam\u00edlia caciqueana.<\/p>\n<p>A programa\u00e7\u00e3o come\u00e7a \u00e0s 13h e inclui, al\u00e9m da feijoada, op\u00e7\u00f5es no card\u00e1pio de churrasco e visita\u00e7\u00e3o ao Centro de Mem\u00f3ria do Cacique de Ramos, rec\u00e9m-inaugurado. O espa\u00e7o segue aberto ao p\u00fablico durante toda a tarde. O prato de feijoada custa R$ 35 e o aluguel da mesa, R$ 25, com reservas feitas diretamente no local.<\/p>\n<p>O palco do Doce Ref\u00fagio, que passou por reforma para resgatar elementos da identidade hist\u00f3rica do Cacique, ser\u00e1 reinaugurado nesta edi\u00e7\u00e3o. O espa\u00e7o receber\u00e1 o estandarte do bloco e as apresenta\u00e7\u00f5es do elenco fixo da casa, com participa\u00e7\u00e3o das Alas Reunidas.<\/p>\n<p>Entre os convidados musicais confirmados est\u00e3o Marquinhos Sathan, grupo For\u00e7a da Cor, Marcelo Negr\u00e3o, Robertinho Presidente, Cantor Netto, Fabiano Magalh\u00e3es e Preta Dion\u00edzio.<\/p>\n<p>Durante o evento, o p\u00fablico tamb\u00e9m poder\u00e1 conferir os lan\u00e7amentos da boutique do Cacique.<\/p>\n<p>O Cacique de Ramos fica na Rua Uranos, 1326 \u2013 Olaria. A entrada \u00e9 gratuita durante todo o evento.<\/p>\n<p>Servi\u00e7o<br \/>\n138\u00aa Feijoada do Cacique de Ramos<br \/>\nData: Domingo, 18 de maio de 2025<br \/>\nHor\u00e1rio: A partir das 13h<br \/>\nFeijoada: R$ 35 (prato individual)<br \/>\nMesa: R$ 25 (aluguel no local)<br \/>\nAtra\u00e7\u00f5es:<br \/>\n\u2022 Marquinhos Sathan<br \/>\n\u2022 Grupo For\u00e7a da Cor<br \/>\n\u2022 Marcelo Negr\u00e3o<br \/>\n\u2022 Robertinho Presidente<br \/>\n\u2022 Cantor Netto<br \/>\n\u2022 Fabiano Magalh\u00e3es<br \/>\n\u2022 Preta Dion\u00edzio<br \/>\n\u2022 Roda de Samba do Cacique de Ramos<\/p>\n<p>Local: Cacique de Ramos<br \/>\nEndere\u00e7o: Rua Uranos, 1326 \u2013 Olaria, Rio de Janeiro \u2013 RJ<br \/>\nEntrada: Gratuita<br \/>\nInforma\u00e7\u00f5es: (21) 3251-4374<\/p>\n","protected":false},"excerpt":{"rendered":"<p>Marquinhos Sathan, Marcelo Negr\u00e3o e For\u00e7a da Cor confirmados na 138\u00aa Feijoada do Cacique de Ramos Robertinho Presidente, Cantor Netto, Fabiano Magalh\u00e3es e Preta Dion\u00edzio completam o line-up No dia 18 de maio, o Cacique de Ramos promove a 138\u00aa edi\u00e7\u00e3o de sua tradicional feijoada, evento j\u00e1 consolidado no calend\u00e1rio cultural do Templo Sagrado do [&hellip;]<\/p>\n","protected":false},"author":1,"featured_media":2689,"comment_status":"closed","ping_status":"closed","sticky":false,"template":"","format":"standard","meta":{"footnotes":""},"categories":[11],"tags":[151,163,155,153,154,159,152,162],"class_list":["post-2688","post","type-post","status-publish","format-standard","has-post-thumbnail","hentry","category-noticias","tag-carnaval","tag-grupo-especial","tag-intendente-magalhaes","tag-mundo-do-carnaval","tag-rio-de-janeiro","tag-samba","tag-sapucai","tag-serie-ouro"],"_links":{"self":[{"href":"https:\/\/mundodocarnaval.com.br\/pt_br\/wp-json\/wp\/v2\/posts\/2688","targetHints":{"allow":["GET"]}}],"collection":[{"href":"https:\/\/mundodocarnaval.com.br\/pt_br\/wp-json\/wp\/v2\/posts"}],"about":[{"href":"https:\/\/mundodocarnaval.com.br\/pt_br\/wp-json\/wp\/v2\/types\/post"}],"author":[{"embeddable":true,"href":"https:\/\/mundodocarnaval.com.br\/pt_br\/wp-json\/wp\/v2\/users\/1"}],"replies":[{"embeddable":true,"href":"https:\/\/mundodocarnaval.com.br\/pt_br\/wp-json\/wp\/v2\/comments?post=2688"}],"version-history":[{"count":1,"href":"https:\/\/mundodocarnaval.com.br\/pt_br\/wp-json\/wp\/v2\/posts\/2688\/revisions"}],"predecessor-version":[{"id":2690,"href":"https:\/\/mundodocarnaval.com.br\/pt_br\/wp-json\/wp\/v2\/posts\/2688\/revisions\/2690"}],"wp:featuredmedia":[{"embeddable":true,"href":"https:\/\/mundodocarnaval.com.br\/pt_br\/wp-json\/wp\/v2\/media\/2689"}],"wp:attachment":[{"href":"https:\/\/mundodocarnaval.com.br\/pt_br\/wp-json\/wp\/v2\/media?parent=2688"}],"wp:term":[{"taxonomy":"category","embeddable":true,"href":"https:\/\/mundodocarnaval.com.br\/pt_br\/wp-json\/wp\/v2\/categories?post=2688"},{"taxonomy":"post_tag","embeddable":true,"href":"https:\/\/mundodocarnaval.com.br\/pt_br\/wp-json\/wp\/v2\/tags?post=2688"}],"curies":[{"name":"wp","href":"https:\/\/api.w.org\/{rel}","templated":true}]}}