{"id":2696,"date":"2025-05-15T17:24:46","date_gmt":"2025-05-15T20:24:46","guid":{"rendered":"https:\/\/mundodocarnaval.com.br\/?p=2696"},"modified":"2025-05-15T17:24:47","modified_gmt":"2025-05-15T20:24:47","slug":"tudo-pela-serie-ouro-uniao-de-jacarepagua-aposta-todas-as-fichas-em-renovacao","status":"publish","type":"post","link":"https:\/\/mundodocarnaval.com.br\/pt_br\/tudo-pela-serie-ouro-uniao-de-jacarepagua-aposta-todas-as-fichas-em-renovacao\/","title":{"rendered":"Tudo pela S\u00e9rie Ouro: Uni\u00e3o de Jacarepagu\u00e1 aposta todas as fichas em renova\u00e7\u00e3o!"},"content":{"rendered":"<p>Tudo pela S\u00e9rie Ouro: Uni\u00e3o de Jacarepagu\u00e1 aposta todas as fichas em renova\u00e7\u00e3o!<\/p>\n<p>Ney J\u00fanior que \u00e9 prata da casa assume com for\u00e7a total o posto de carnavalesco da agremia\u00e7\u00e3o<\/p>\n<p>A Uni\u00e3o de Jacarepagu\u00e1 segue em seu projeto, carnaval 2026. Com os olhos voltados ao retorno \u00e0 S\u00e9rie Ouro do carnaval carioca, a escola vermelha e branca promove mais uma mudan\u00e7a estrat\u00e9gica: al\u00e7ar o pr\u00f3prio designer de enredos, Ney J\u00fanior, \u00e0 fun\u00e7\u00e3o de carnavalesco. A parceria de longa data entre o artista e a agremia\u00e7\u00e3o foi um dos fatores decisivos para este \u201cupgrade\u201d.<\/p>\n<p>A hist\u00f3ria do profissional das artes carnavalescas come\u00e7ou nos grupos de base, precisamente na Arame de Ricardo, ano de 2010. L\u00e1 permaneceu por sete anos sendo carnavalesco da escola. Nesta jornada, J\u00fanior registra passagens pelos estandartes Imp\u00e9rio da Pra\u00e7a Seca, Unidos de Bangu (vitorioso em 2014) e Unidos de Lucas.<\/p>\n<p>Na S\u00e9rie Ouro, o carnavalesco desenvolveu trabalho como figurinista na Imp\u00e9rio da Tijuca, tendo executado ainda, projetos de designer de enredos para outras agremia\u00e7\u00f5es. Em 2020, ele assinou o carnaval em conjunto na Renascer de Jacarepagu\u00e1, que desfilou na Marqu\u00eas de Sapuca\u00ed, pela S\u00e9rie Ouro.<\/p>\n<p>Diante de todo esse repert\u00f3rio, a atual escola, tamb\u00e9m de Jacarepagu\u00e1, investe todas as energias nessa expertise e tamb\u00e9m, na boa parceria com o artista pl\u00e1stico, firmada pelos anos de trabalho em conjunto. Ney J\u00fanior declara que, \u201cretornar ao carnaval renova minhas energias contribuindo com a maior festa a c\u00e9u aberto do mundo. Muito satisfeito pelos caminhos e trabalho por uma excelente apresenta\u00e7\u00e3o em 2026\u201d.<\/p>\n<p>Na for\u00e7a e na ra\u00e7a: sobre o enredo e desafios de desfilar na Intendente Magalh\u00e3es<\/p>\n<p>O carnavalesco da Uni\u00e3o de Jacarepagu\u00e1 revela que os motivos para escolha do enredo \u201cQUINGOMB\u00d4: Entre dois Mundos\u201d foi a possibilidade de falar sobre uma parte das ra\u00edzes hist\u00f3ricas do Brasil negro:<\/p>\n<p>&#8211; Falar de coisas nossas me impulsiona! Descobrir hist\u00f3rias, escutar os mais velhos e aprender um pouco mais de nossas ra\u00edzes me motiva. O Quiabo, por exemplo, est\u00e1 em nossa mesa, nos rituais, nos feiti\u00e7os&#8230; no nosso cotidiano. N\u00e3o poderia passar despercebido!<\/p>\n<p>Ney J\u00fanior denuncia que suas inspira\u00e7\u00f5es para trabalhar com carnaval vem dos nomes Renato Lage, Paulo Barros e Leandro Vieira. Quando questionado acerca de quais seriam as dificuldades que atravancam o trabalho nessa categoria do carnaval, ele, sem pestanejar, exp\u00f5e que, s\u00e3o in\u00fameras, mas abrangem todos os grupos&#8230; \u201cO financeiro n\u00e3o \u00e9 legal, a vaidade n\u00e3o \u00e9 legal&#8230; enfim, in\u00fameras dificuldades profissionais e pessoais dificultam o processo\u201d, mas para ele a solu\u00e7\u00e3o existe: \u201ctrabalhar com o cora\u00e7\u00e3o\u201d.<\/p>\n","protected":false},"excerpt":{"rendered":"<p>Tudo pela S\u00e9rie Ouro: Uni\u00e3o de Jacarepagu\u00e1 aposta todas as fichas em renova\u00e7\u00e3o! Ney J\u00fanior que \u00e9 prata da casa assume com for\u00e7a total o posto de carnavalesco da agremia\u00e7\u00e3o A Uni\u00e3o de Jacarepagu\u00e1 segue em seu projeto, carnaval 2026. Com os olhos voltados ao retorno \u00e0 S\u00e9rie Ouro do carnaval carioca, a escola vermelha [&hellip;]<\/p>\n","protected":false},"author":1,"featured_media":2697,"comment_status":"closed","ping_status":"closed","sticky":false,"template":"","format":"standard","meta":{"footnotes":""},"categories":[13],"tags":[151,163,155,153,154,159,152,162],"class_list":["post-2696","post","type-post","status-publish","format-standard","has-post-thumbnail","hentry","category-fashion","tag-carnaval","tag-grupo-especial","tag-intendente-magalhaes","tag-mundo-do-carnaval","tag-rio-de-janeiro","tag-samba","tag-sapucai","tag-serie-ouro"],"_links":{"self":[{"href":"https:\/\/mundodocarnaval.com.br\/pt_br\/wp-json\/wp\/v2\/posts\/2696","targetHints":{"allow":["GET"]}}],"collection":[{"href":"https:\/\/mundodocarnaval.com.br\/pt_br\/wp-json\/wp\/v2\/posts"}],"about":[{"href":"https:\/\/mundodocarnaval.com.br\/pt_br\/wp-json\/wp\/v2\/types\/post"}],"author":[{"embeddable":true,"href":"https:\/\/mundodocarnaval.com.br\/pt_br\/wp-json\/wp\/v2\/users\/1"}],"replies":[{"embeddable":true,"href":"https:\/\/mundodocarnaval.com.br\/pt_br\/wp-json\/wp\/v2\/comments?post=2696"}],"version-history":[{"count":1,"href":"https:\/\/mundodocarnaval.com.br\/pt_br\/wp-json\/wp\/v2\/posts\/2696\/revisions"}],"predecessor-version":[{"id":2698,"href":"https:\/\/mundodocarnaval.com.br\/pt_br\/wp-json\/wp\/v2\/posts\/2696\/revisions\/2698"}],"wp:featuredmedia":[{"embeddable":true,"href":"https:\/\/mundodocarnaval.com.br\/pt_br\/wp-json\/wp\/v2\/media\/2697"}],"wp:attachment":[{"href":"https:\/\/mundodocarnaval.com.br\/pt_br\/wp-json\/wp\/v2\/media?parent=2696"}],"wp:term":[{"taxonomy":"category","embeddable":true,"href":"https:\/\/mundodocarnaval.com.br\/pt_br\/wp-json\/wp\/v2\/categories?post=2696"},{"taxonomy":"post_tag","embeddable":true,"href":"https:\/\/mundodocarnaval.com.br\/pt_br\/wp-json\/wp\/v2\/tags?post=2696"}],"curies":[{"name":"wp","href":"https:\/\/api.w.org\/{rel}","templated":true}]}}