{"id":2699,"date":"2025-05-15T17:32:29","date_gmt":"2025-05-15T20:32:29","guid":{"rendered":"https:\/\/mundodocarnaval.com.br\/?p=2699"},"modified":"2025-05-15T17:32:30","modified_gmt":"2025-05-15T20:32:30","slug":"uniao-de-marica-abre-inscricoes-para-audicao-da-ala-de-passistas","status":"publish","type":"post","link":"https:\/\/mundodocarnaval.com.br\/pt_br\/uniao-de-marica-abre-inscricoes-para-audicao-da-ala-de-passistas\/","title":{"rendered":"Uni\u00e3o de Maric\u00e1 abre inscri\u00e7\u00f5es para audi\u00e7\u00e3o da ala de passistas"},"content":{"rendered":"<p>Uni\u00e3o de Maric\u00e1 abre inscri\u00e7\u00f5es para audi\u00e7\u00e3o da ala de passistas visando o Carnaval 2026<br \/>\nProcesso seletivo acontecer\u00e1 em 15 de junho e busca passistas que ir\u00e3o abrilhantar a agremia\u00e7\u00e3o<\/p>\n<p>A Uni\u00e3o de Maric\u00e1 iniciou o cadastro online para a audi\u00e7\u00e3o da sua ala de passistas com foco no desfile de 2026. A seletiva ser\u00e1 realizada no dia 15 de junho, \u00e0s 14h, na quadra da escola, no Centro de Maric\u00e1. As inscri\u00e7\u00f5es est\u00e3o abertas at\u00e9 o dia 6 do pr\u00f3ximo m\u00eas e devem ser feitas atrav\u00e9s do link https:\/\/goo.su\/lfUfZjt.<\/p>\n<p>A convoca\u00e7\u00e3o \u00e9 voltada para sambistas com idade m\u00ednima de 16 anos. A escola busca representantes que expressem a energia da agremia\u00e7\u00e3o na Sapuca\u00ed. Os candidatos devem comparecer com roupas confort\u00e1veis na cor preta, sendo exigido salto alto para mulheres e sapato social para homens.<\/p>\n<p>A import\u00e2ncia da ala de passistas na constru\u00e7\u00e3o do desfile foi ressaltada pela coordenadora Kellyn Rosa. Para ela, o grupo representa a alma da escola e exige preparo, responsabilidade e paix\u00e3o pelo samba. A sele\u00e7\u00e3o busca mais do que t\u00e9cnica, focando no comprometimento com a identidade da Uni\u00e3o.<\/p>\n<p>&#8211; A ala de passistas \u00e9 o cora\u00e7\u00e3o pulsante da escola. \u00c9 ali que o samba explode em alegria, t\u00e9cnica e emo\u00e7\u00e3o. Estamos em busca de pessoas que entendam a responsabilidade de levar a nossa bandeira com garra e beleza na Sapuca\u00ed &#8211; afirmou Kellyn.<\/p>\n<p>Al\u00e9m do papel no desfile, a audi\u00e7\u00e3o \u00e9 uma chance de valorizar e descobrir novos talentos locais. A coordenadora refor\u00e7ou o compromisso da agremia\u00e7\u00e3o em abrir espa\u00e7o para a comunidade e fomentar a arte carnavalesca. A iniciativa tamb\u00e9m se conecta ao fortalecimento da identidade de Maric\u00e1 no carnaval carioca.<\/p>\n<p>&#8211; Maric\u00e1 \u00e9 terra de sambista e que tem orgulho da cultura carnavalesca. A Uni\u00e3o est\u00e1 de portas abertas para acolher quem tem samba no p\u00e9 e quer viver essa experi\u00eancia de forma intensa e profissional &#8211; completou.<\/p>\n<p>Em 2026, a Uni\u00e3o de Maric\u00e1 ser\u00e1 a sexta escola a desfilar no s\u00e1bado de carnaval, no dia 14 de fevereiro, pela S\u00e9rie Ouro, na Marqu\u00eas de Sapuca\u00ed.<\/p>\n<p>Fotos: Leandro Andrade<\/p>\n","protected":false},"excerpt":{"rendered":"<p>Uni\u00e3o de Maric\u00e1 abre inscri\u00e7\u00f5es para audi\u00e7\u00e3o da ala de passistas visando o Carnaval 2026 Processo seletivo acontecer\u00e1 em 15 de junho e busca passistas que ir\u00e3o abrilhantar a agremia\u00e7\u00e3o A Uni\u00e3o de Maric\u00e1 iniciou o cadastro online para a audi\u00e7\u00e3o da sua ala de passistas com foco no desfile de 2026. A seletiva ser\u00e1 [&hellip;]<\/p>\n","protected":false},"author":1,"featured_media":2700,"comment_status":"closed","ping_status":"closed","sticky":false,"template":"","format":"standard","meta":{"footnotes":""},"categories":[13],"tags":[151,163,155,153,154,159,152,162],"class_list":["post-2699","post","type-post","status-publish","format-standard","has-post-thumbnail","hentry","category-fashion","tag-carnaval","tag-grupo-especial","tag-intendente-magalhaes","tag-mundo-do-carnaval","tag-rio-de-janeiro","tag-samba","tag-sapucai","tag-serie-ouro"],"_links":{"self":[{"href":"https:\/\/mundodocarnaval.com.br\/pt_br\/wp-json\/wp\/v2\/posts\/2699","targetHints":{"allow":["GET"]}}],"collection":[{"href":"https:\/\/mundodocarnaval.com.br\/pt_br\/wp-json\/wp\/v2\/posts"}],"about":[{"href":"https:\/\/mundodocarnaval.com.br\/pt_br\/wp-json\/wp\/v2\/types\/post"}],"author":[{"embeddable":true,"href":"https:\/\/mundodocarnaval.com.br\/pt_br\/wp-json\/wp\/v2\/users\/1"}],"replies":[{"embeddable":true,"href":"https:\/\/mundodocarnaval.com.br\/pt_br\/wp-json\/wp\/v2\/comments?post=2699"}],"version-history":[{"count":1,"href":"https:\/\/mundodocarnaval.com.br\/pt_br\/wp-json\/wp\/v2\/posts\/2699\/revisions"}],"predecessor-version":[{"id":2701,"href":"https:\/\/mundodocarnaval.com.br\/pt_br\/wp-json\/wp\/v2\/posts\/2699\/revisions\/2701"}],"wp:featuredmedia":[{"embeddable":true,"href":"https:\/\/mundodocarnaval.com.br\/pt_br\/wp-json\/wp\/v2\/media\/2700"}],"wp:attachment":[{"href":"https:\/\/mundodocarnaval.com.br\/pt_br\/wp-json\/wp\/v2\/media?parent=2699"}],"wp:term":[{"taxonomy":"category","embeddable":true,"href":"https:\/\/mundodocarnaval.com.br\/pt_br\/wp-json\/wp\/v2\/categories?post=2699"},{"taxonomy":"post_tag","embeddable":true,"href":"https:\/\/mundodocarnaval.com.br\/pt_br\/wp-json\/wp\/v2\/tags?post=2699"}],"curies":[{"name":"wp","href":"https:\/\/api.w.org\/{rel}","templated":true}]}}