{"id":2702,"date":"2025-05-19T16:47:47","date_gmt":"2025-05-19T19:47:47","guid":{"rendered":"https:\/\/mundodocarnaval.com.br\/?p=2702"},"modified":"2025-05-21T21:39:57","modified_gmt":"2025-05-22T00:39:57","slug":"esenha-dos-amigos-do-rena-recebe-na-proxima-quarta-feira-21","status":"publish","type":"post","link":"https:\/\/mundodocarnaval.com.br\/pt_br\/esenha-dos-amigos-do-rena-recebe-na-proxima-quarta-feira-21\/","title":{"rendered":"Resenha dos Amigos do Rena recebe na pr\u00f3xima quarta feira (21)"},"content":{"rendered":"<p>Resenha dos Amigos do Rena recebe na pr\u00f3xima quarta-feira (21), a cantora Cassiana P\u00e9rola Negra.<\/p>\n<p>Na pr\u00f3xima quarta, a partir das 16h, tem a roda de samba mais charmosa e familiar da zona norte do Rio. A Resenha Amigos do Rena, recebe uma das melhores partideiras do Brasil.<\/p>\n<p>Filha da sambista Jovelina P\u00e9rola Negra, Cassiana compartilha da sua heran\u00e7a musical. Desde cedo, seguiu os passos de sua m\u00e3e, se mostrando uma partideira de m\u00e3o cheia, conhecida por sua simplicidade e autenticidade.<\/p>\n<p>A Resenha dos Amigos do Rena acontece semanalmente e recebe sempre v\u00e1rios convidados especiais. A ideia do Presidente do Renascen\u00e7a, Alexandre Xavier, \u00e9 cada dia mais aproximar os frequentadores, s\u00f3cios e os cariocas do Clube historicamente conhecido como reduto das tradi\u00e7\u00f5es afrodescendentes e do samba de raiz, como um dos locais ricos em cultura popular na Cidade Maravilhosa. Venham conferir.<br \/>\nO evento tamb\u00e9m tem Feira de empreendedores locais, caldo gratuito a partir das 20:00h, e sorteio de baldes e kits pra geral, e nos intervalos DJ Nen\u00e9m mant\u00e9m o astral elevado.<br \/>\n A entrada \u00e9 de gra\u00e7a. Mais informa\u00e7\u00f5es: 21976802882- WhatsApp do Renascen\u00e7a Clube. Classifica\u00e7\u00e3o: Livre (menores s\u00f3 acompanhados dos respons\u00e1veis)<\/p>\n<p>Sobre Cassiana P\u00e9rola Negra:<br \/>\nCassiana P\u00e9rola Negra, filha de Jovelina P\u00e9rola Negra, seguindo os passos de sua m\u00e3e, vem com um estilo mais ousado e marcante, cantando as obras deixadas por ela, encantando o p\u00fablico com sua energia, um repert\u00f3rio que agita o p\u00fablico e com seu bord\u00e3o \u201cPALMA DE M\u00c3O\u201d, em v\u00e1rias casas e rodas de samba, onde se apresenta.<\/p>\n<p>Servi\u00e7o:<br \/>\nResenha dos amigos do Rena recebe Cassiana P\u00e9rola Negra<br \/>\nData: Quarta \u2013 feira, 21 de maio.<br \/>\nHora: a partir das 16h<br \/>\nLocal: Renascen\u00e7a Clube (Rua Bar\u00e3o de S\u00e3o Francisco, 54 \u2013 Andara\u00ed)<br \/>\nENTRADA GRATUITA<br \/>\nClassifica\u00e7\u00e3o:  Livre: (menores s\u00f3 acompanhados dos respons\u00e1veis)<br \/>\nMais informa\u00e7\u00f5es: 21976802882- WhatsApp do Renascen\u00e7a Clube.<\/p>\n","protected":false},"excerpt":{"rendered":"<p>Resenha dos Amigos do Rena recebe na pr\u00f3xima quarta-feira (21), a cantora Cassiana P\u00e9rola Negra. Na pr\u00f3xima quarta, a partir das 16h, tem a roda de samba mais charmosa e familiar da zona norte do Rio. A Resenha Amigos do Rena, recebe uma das melhores partideiras do Brasil. Filha da sambista Jovelina P\u00e9rola Negra, Cassiana [&hellip;]<\/p>\n","protected":false},"author":1,"featured_media":2703,"comment_status":"closed","ping_status":"closed","sticky":false,"template":"","format":"standard","meta":{"footnotes":""},"categories":[11],"tags":[151,163,155,153,159,152,162],"class_list":["post-2702","post","type-post","status-publish","format-standard","has-post-thumbnail","hentry","category-noticias","tag-carnaval","tag-grupo-especial","tag-intendente-magalhaes","tag-mundo-do-carnaval","tag-samba","tag-sapucai","tag-serie-ouro"],"_links":{"self":[{"href":"https:\/\/mundodocarnaval.com.br\/pt_br\/wp-json\/wp\/v2\/posts\/2702","targetHints":{"allow":["GET"]}}],"collection":[{"href":"https:\/\/mundodocarnaval.com.br\/pt_br\/wp-json\/wp\/v2\/posts"}],"about":[{"href":"https:\/\/mundodocarnaval.com.br\/pt_br\/wp-json\/wp\/v2\/types\/post"}],"author":[{"embeddable":true,"href":"https:\/\/mundodocarnaval.com.br\/pt_br\/wp-json\/wp\/v2\/users\/1"}],"replies":[{"embeddable":true,"href":"https:\/\/mundodocarnaval.com.br\/pt_br\/wp-json\/wp\/v2\/comments?post=2702"}],"version-history":[{"count":2,"href":"https:\/\/mundodocarnaval.com.br\/pt_br\/wp-json\/wp\/v2\/posts\/2702\/revisions"}],"predecessor-version":[{"id":2719,"href":"https:\/\/mundodocarnaval.com.br\/pt_br\/wp-json\/wp\/v2\/posts\/2702\/revisions\/2719"}],"wp:featuredmedia":[{"embeddable":true,"href":"https:\/\/mundodocarnaval.com.br\/pt_br\/wp-json\/wp\/v2\/media\/2703"}],"wp:attachment":[{"href":"https:\/\/mundodocarnaval.com.br\/pt_br\/wp-json\/wp\/v2\/media?parent=2702"}],"wp:term":[{"taxonomy":"category","embeddable":true,"href":"https:\/\/mundodocarnaval.com.br\/pt_br\/wp-json\/wp\/v2\/categories?post=2702"},{"taxonomy":"post_tag","embeddable":true,"href":"https:\/\/mundodocarnaval.com.br\/pt_br\/wp-json\/wp\/v2\/tags?post=2702"}],"curies":[{"name":"wp","href":"https:\/\/api.w.org\/{rel}","templated":true}]}}