{"id":2705,"date":"2025-05-19T17:20:41","date_gmt":"2025-05-19T20:20:41","guid":{"rendered":"https:\/\/mundodocarnaval.com.br\/?p=2705"},"modified":"2025-05-19T17:20:42","modified_gmt":"2025-05-19T20:20:42","slug":"unidos-do-jacarezinho-lanca-o-projeto-samba-jacarezinho-com-aulas-de-samba-no-pe-gratuitas","status":"publish","type":"post","link":"https:\/\/mundodocarnaval.com.br\/pt_br\/unidos-do-jacarezinho-lanca-o-projeto-samba-jacarezinho-com-aulas-de-samba-no-pe-gratuitas\/","title":{"rendered":"Unidos do Jacarezinho lan\u00e7a o projeto \u201cSamba Jacarezinho\u201d com aulas de samba no p\u00e9 gratuitas"},"content":{"rendered":"<p>Unidos do Jacarezinho lan\u00e7a o projeto \u201cSamba Jacarezinho\u201d com aulas de samba no p\u00e9 gratuitas<\/p>\n<p>Homens e mulheres a partir de 13 anos de idade podem participar<\/p>\n<p>De volta \u00e0 S\u00e9rie Ouro e com g\u00e1s total, a Unidos do Jacarezinho lan\u00e7a na pr\u00f3xima segunda-feira, 19 de maio, o projeto \u201cSamba Jacarezinho\u201d, idealizado e promovido por Kaio Mackenzie, diretor da ala de passistas da escola. A iniciativa estreia com for\u00e7a e ser\u00e1 realizada todas \u00e0s segundas-feiras, a partir das 20 horas, na quadra da agremia\u00e7\u00e3o com aulas gratuitas.<\/p>\n<p>O projeto tem como miss\u00e3o formar novos profissionais do samba, acolhendo pessoas de todas as idades, desde iniciantes at\u00e9 quem deseja se aperfei\u00e7oar na arte do samba. As aulas oferecer\u00e3o oficinas de samba no p\u00e9, gingado, riscado, express\u00e3o corporal e dan\u00e7a afro, promovendo o aperfei\u00e7oamento t\u00e9cnico e art\u00edstico dos participantes.<\/p>\n<p>\u00c0 frente do projeto est\u00e3o Kaio Mackenzie \u2014 Rei Momo dos carnavais de 2024 e 2025, passista show da Esta\u00e7\u00e3o Primeira de Mangueira e o primeiro Rei Momo eleito da hist\u00f3ria da agremia\u00e7\u00e3o verde e rosa \u2014 e Lu\u00eds Cl\u00e1udio, passista show com trajet\u00f3ria marcante na Mangueira, Unidos de Padre Miguel e Acad\u00eamicos de Niter\u00f3i, escola campe\u00e3 da S\u00e9rie Ouro em 2025, onde integrou o elenco da comiss\u00e3o de frente.<\/p>\n<p>Al\u00e9m das oficinas, o \u201cSamba Jacarezinho\u201d abre as inscri\u00e7\u00f5es para a ala de passistas da Unidos do Jacarezinho, tamb\u00e9m \u00e0s segundas-feiras, no mesmo hor\u00e1rio. Uma secretaria estar\u00e1 funcionando durante o projeto, fazendo o acolhimento dos interessados, preenchendo a ficha de inscri\u00e7\u00e3o e aplicando o teste pr\u00e1tico na pr\u00f3pria aula. \u00c9 necess\u00e1rio ter a partir de 13 anos de idade.<\/p>\n<p>Com alegria, respeito e compromisso com a cultura do samba, \u201cSamba Jacarezinho\u201d promete revelar talentos e fortalecer ainda mais a tradi\u00e7\u00e3o carnavalesca da comunidade.<\/p>\n<p>A quadra da escola fica localizada na Avenida Dom Helder C\u00e2mara n\u00ba 2233 \u2013 Jacarezinho.<\/p>\n<p>Servi\u00e7o:<\/p>\n<p>Projeto Samba Jacarezinho<\/p>\n<p>Quando: Todas as segundas-feiras, \u00e0s 20h<\/p>\n<p>Onde: Quadra da Unidos do Jacarezinho &#8211; Avenida Dom H\u00e9lder C\u00e2mara n\u00ba 2233 \u2013 Jacarezinho<\/p>\n<p>Aberto ao p\u00fablico. Inscri\u00e7\u00f5es para a ala de passistas no local \u2013 Aulas gratuitas<\/p>\n<p>Realiza\u00e7\u00e3o: Unidos do Jacarezinho<\/p>\n<p>Coordena\u00e7\u00e3o: Kaio Mackenzie<\/p>\n<p>Instrutores: Kaio Mackenzie e Lu\u00eds Cl\u00e1udio<\/p>\n<p>Cr\u00e9ditos: Gabriel Belmiro<\/p>\n","protected":false},"excerpt":{"rendered":"<p>Unidos do Jacarezinho lan\u00e7a o projeto \u201cSamba Jacarezinho\u201d com aulas de samba no p\u00e9 gratuitas Homens e mulheres a partir de 13 anos de idade podem participar De volta \u00e0 S\u00e9rie Ouro e com g\u00e1s total, a Unidos do Jacarezinho lan\u00e7a na pr\u00f3xima segunda-feira, 19 de maio, o projeto \u201cSamba Jacarezinho\u201d, idealizado e promovido por [&hellip;]<\/p>\n","protected":false},"author":1,"featured_media":2706,"comment_status":"closed","ping_status":"closed","sticky":false,"template":"","format":"standard","meta":{"footnotes":""},"categories":[13],"tags":[151,163,155,153,154,159,152,162],"class_list":["post-2705","post","type-post","status-publish","format-standard","has-post-thumbnail","hentry","category-fashion","tag-carnaval","tag-grupo-especial","tag-intendente-magalhaes","tag-mundo-do-carnaval","tag-rio-de-janeiro","tag-samba","tag-sapucai","tag-serie-ouro"],"_links":{"self":[{"href":"https:\/\/mundodocarnaval.com.br\/pt_br\/wp-json\/wp\/v2\/posts\/2705","targetHints":{"allow":["GET"]}}],"collection":[{"href":"https:\/\/mundodocarnaval.com.br\/pt_br\/wp-json\/wp\/v2\/posts"}],"about":[{"href":"https:\/\/mundodocarnaval.com.br\/pt_br\/wp-json\/wp\/v2\/types\/post"}],"author":[{"embeddable":true,"href":"https:\/\/mundodocarnaval.com.br\/pt_br\/wp-json\/wp\/v2\/users\/1"}],"replies":[{"embeddable":true,"href":"https:\/\/mundodocarnaval.com.br\/pt_br\/wp-json\/wp\/v2\/comments?post=2705"}],"version-history":[{"count":1,"href":"https:\/\/mundodocarnaval.com.br\/pt_br\/wp-json\/wp\/v2\/posts\/2705\/revisions"}],"predecessor-version":[{"id":2707,"href":"https:\/\/mundodocarnaval.com.br\/pt_br\/wp-json\/wp\/v2\/posts\/2705\/revisions\/2707"}],"wp:featuredmedia":[{"embeddable":true,"href":"https:\/\/mundodocarnaval.com.br\/pt_br\/wp-json\/wp\/v2\/media\/2706"}],"wp:attachment":[{"href":"https:\/\/mundodocarnaval.com.br\/pt_br\/wp-json\/wp\/v2\/media?parent=2705"}],"wp:term":[{"taxonomy":"category","embeddable":true,"href":"https:\/\/mundodocarnaval.com.br\/pt_br\/wp-json\/wp\/v2\/categories?post=2705"},{"taxonomy":"post_tag","embeddable":true,"href":"https:\/\/mundodocarnaval.com.br\/pt_br\/wp-json\/wp\/v2\/tags?post=2705"}],"curies":[{"name":"wp","href":"https:\/\/api.w.org\/{rel}","templated":true}]}}