{"id":2711,"date":"2025-05-19T18:23:53","date_gmt":"2025-05-19T21:23:53","guid":{"rendered":"https:\/\/mundodocarnaval.com.br\/?p=2711"},"modified":"2025-05-19T18:23:53","modified_gmt":"2025-05-19T21:23:53","slug":"uniao-de-jacarepagua-anuncia-data-para-entrega-da-sinopse","status":"publish","type":"post","link":"https:\/\/mundodocarnaval.com.br\/pt_br\/uniao-de-jacarepagua-anuncia-data-para-entrega-da-sinopse\/","title":{"rendered":"Uni\u00e3o de Jacarepagu\u00e1 anuncia data para entrega da sinopse"},"content":{"rendered":"<p>Uni\u00e3o de Jacarepagu\u00e1 anuncia data para entrega da sinopse<br \/>\nEvento \u00e9 restrito a convidados e imprensa     <\/p>\n<p>Com time reformulado para a temporada carnavalesca de 2026, A uni\u00e3o de Jacarepagu\u00e1 d\u00e1 o pontap\u00e9 inicial para a entrega da sinopse e explana\u00e7\u00e3o do enredo \u201cQuincomb\u00f4: Entre dois mundos\u201d. O evento \u00e9 restrito a convidados e imprensa se dar\u00e1 em 19 de maio (segunda-feira), de 20h \u00e0s 22h, na pr\u00f3pria quadra, localizada na Estrada Intendente Magalh\u00e3es, 445 \u2013 Campinho.<\/p>\n<p>Atual s\u00e9tima colocada no grupo da Superliga Carnavalesca, da S\u00e9rie Prata, esse enredo marca a estreia do carnavalesco Ney J\u00fanior, que aposta na for\u00e7a do enredo e na rela\u00e7\u00e3o sagrada de um alimento popular muito importante para as religi\u00f5es de Matriz africana.<\/p>\n<p>No pr\u00f3ximo carnaval a Uni\u00e3o de Jacarepagu\u00e1 promete se equilibrar com categoria no deslize deste verde fruto. Afinal, QUINCOMB\u00d4 \u00c9 FEITI\u00c7O, como revela o Ney Jr., \u201co maior elemento de demonstra\u00e7\u00e3o da f\u00e9, atrav\u00e9s das oferendas\u201d.<\/p>\n<p>Al\u00e9m da presen\u00e7a confirmada da diretoria, o enredista Cl\u00e1udio Rocha, nova contrata\u00e7\u00e3o, tamb\u00e9m participar\u00e1 da explana\u00e7\u00e3o do enredo. O regulamento da disputa ser\u00e1 entregue neste encontro. <\/p>\n","protected":false},"excerpt":{"rendered":"<p>Uni\u00e3o de Jacarepagu\u00e1 anuncia data para entrega da sinopse Evento \u00e9 restrito a convidados e imprensa Com time reformulado para a temporada carnavalesca de 2026, A uni\u00e3o de Jacarepagu\u00e1 d\u00e1 o pontap\u00e9 inicial para a entrega da sinopse e explana\u00e7\u00e3o do enredo \u201cQuincomb\u00f4: Entre dois mundos\u201d. O evento \u00e9 restrito a convidados e imprensa se [&hellip;]<\/p>\n","protected":false},"author":1,"featured_media":2712,"comment_status":"closed","ping_status":"closed","sticky":false,"template":"","format":"standard","meta":{"footnotes":""},"categories":[14],"tags":[151,165,163,155,153,154,159,152,162],"class_list":["post-2711","post","type-post","status-publish","format-standard","has-post-thumbnail","hentry","category-gadgets","tag-carnaval","tag-carnaval-de-niteroi","tag-grupo-especial","tag-intendente-magalhaes","tag-mundo-do-carnaval","tag-rio-de-janeiro","tag-samba","tag-sapucai","tag-serie-ouro"],"_links":{"self":[{"href":"https:\/\/mundodocarnaval.com.br\/pt_br\/wp-json\/wp\/v2\/posts\/2711","targetHints":{"allow":["GET"]}}],"collection":[{"href":"https:\/\/mundodocarnaval.com.br\/pt_br\/wp-json\/wp\/v2\/posts"}],"about":[{"href":"https:\/\/mundodocarnaval.com.br\/pt_br\/wp-json\/wp\/v2\/types\/post"}],"author":[{"embeddable":true,"href":"https:\/\/mundodocarnaval.com.br\/pt_br\/wp-json\/wp\/v2\/users\/1"}],"replies":[{"embeddable":true,"href":"https:\/\/mundodocarnaval.com.br\/pt_br\/wp-json\/wp\/v2\/comments?post=2711"}],"version-history":[{"count":1,"href":"https:\/\/mundodocarnaval.com.br\/pt_br\/wp-json\/wp\/v2\/posts\/2711\/revisions"}],"predecessor-version":[{"id":2713,"href":"https:\/\/mundodocarnaval.com.br\/pt_br\/wp-json\/wp\/v2\/posts\/2711\/revisions\/2713"}],"wp:featuredmedia":[{"embeddable":true,"href":"https:\/\/mundodocarnaval.com.br\/pt_br\/wp-json\/wp\/v2\/media\/2712"}],"wp:attachment":[{"href":"https:\/\/mundodocarnaval.com.br\/pt_br\/wp-json\/wp\/v2\/media?parent=2711"}],"wp:term":[{"taxonomy":"category","embeddable":true,"href":"https:\/\/mundodocarnaval.com.br\/pt_br\/wp-json\/wp\/v2\/categories?post=2711"},{"taxonomy":"post_tag","embeddable":true,"href":"https:\/\/mundodocarnaval.com.br\/pt_br\/wp-json\/wp\/v2\/tags?post=2711"}],"curies":[{"name":"wp","href":"https:\/\/api.w.org\/{rel}","templated":true}]}}