{"id":2714,"date":"2025-05-19T18:29:50","date_gmt":"2025-05-19T21:29:50","guid":{"rendered":"https:\/\/mundodocarnaval.com.br\/?p=2714"},"modified":"2025-05-19T18:29:51","modified_gmt":"2025-05-19T21:29:51","slug":"academicos-da-ponta-da-areia-anuncia-danilo-cezar-como-novo-interprete-oficial","status":"publish","type":"post","link":"https:\/\/mundodocarnaval.com.br\/pt_br\/academicos-da-ponta-da-areia-anuncia-danilo-cezar-como-novo-interprete-oficial\/","title":{"rendered":"Acad\u00eamicos da Ponta da Areia anuncia Danilo Cezar como novo int\u00e9rprete oficial"},"content":{"rendered":"<p>Foto: Divulga\u00e7\u00e3o\/Danilo Cezar<\/p>\n<p>Acad\u00eamicos da Ponta da Areia anuncia Danilo Cezar como novo int\u00e9rprete oficial<\/p>\n<p>A Acad\u00eamicos da Ponta da Areia d\u00e1 um passo importante rumo ao pr\u00f3ximo carnaval e anuncia a contrata\u00e7\u00e3o do int\u00e9rprete Danilo Cezar, um dos grandes nomes do samba-enredo da atualidade, com uma trajet\u00f3ria em ascens\u00e3o no carnaval capixaba e carioca.<\/p>\n<p>Natural do Esp\u00edrito Santo, Danilo Cezar iniciou sua trajet\u00f3ria musical ainda na inf\u00e2ncia. Aos seis anos, j\u00e1 encantava com as primeiras notas ao viol\u00e3o, demonstrando o talento musical. Aos 14 anos, comp\u00f4s sua primeira can\u00e7\u00e3o, movido pelo amor \u00e0 m\u00fasica, \u00e0 leitura e \u00e0 escrita, paix\u00f5es que definiriam seu caminho como cantor, compositor e educador.<\/p>\n<p>Com mais de duas d\u00e9cadas de dedica\u00e7\u00e3o \u00e0 m\u00fasica, Danilo coleciona atua\u00e7\u00f5es como professor de canto, regente de coral, produtor musical e int\u00e9rprete oficial de samba-enredo, al\u00e9m de forma\u00e7\u00e3o acad\u00eamica em institui\u00e7\u00f5es de renome como o NIC \u2013 N\u00facleo Integrado de Canto, a FAMES \u2013 Faculdade de M\u00fasica do Esp\u00edrito Santo e a escola do professor Adoniran. Teve como mestres nomes como Elaine Rowena, Jo\u00e3o Schmid e Cl\u00e1udio Modesto.<\/p>\n<p>Dono de uma voz marcante, Danilo tamb\u00e9m brilhou fora da avenida, com atua\u00e7\u00f5es em espet\u00e1culos como o Auto de Frei Pedro Pal\u00e1cios e a Paix\u00e3o de Cristo na Bas\u00edlica de Santo Ant\u00f4nio, al\u00e9m de apresenta\u00e7\u00f5es no Festival de Inverno de Domingos Martins, no Sesc Guarapari e no Miss Esp\u00edrito Santo 2008, ao lado de Hariton Nathanailidis.<\/p>\n<p>No carnaval, Danilo come\u00e7ou sua hist\u00f3ria no Esp\u00edrito Santo como int\u00e9rprete oficial de escolas como Rosas de Ouro, Pega no Samba, Unidos da Piedade, Jucutuquara e Novo Imp\u00e9rio, acumulando mais de 12 premia\u00e7\u00f5es, incluindo Tamborim de Ouro, Trof\u00e9u Fais\u00e3o de Ouro, Trof\u00e9u Amaces e honrarias da Assembleia Legislativa do ES e da C\u00e2mara Municipal de Vit\u00f3ria.<\/p>\n<p>Em 2022, deu um salto para o cen\u00e1rio nacional ao ser anunciado como int\u00e9rprete oficial da Acad\u00eamicos do Sossego, do Carnaval do Rio de Janeiro, com estreia no Acad\u00eamicos de Niter\u00f3i. Em 2023, assumiu os microfones da Acad\u00eamicos de Vig\u00e1rio Geral, conquistando notas m\u00e1ximas e o Pr\u00eamio Tupi Carnaval Total, um dos mais respeitados do carnaval carioca.<\/p>\n<p>Agora, Danilo Cezar chega \u00e0 Acad\u00eamicos da Ponta da Areia com a miss\u00e3o de conduzir a escola com sua voz potente, carisma e experi\u00eancia.<\/p>\n<p>\u201cQuero levar alegria atrav\u00e9s da minha voz, representar a Ca\u00e7ulinha de Niter\u00f3i com humildade e paix\u00e3o\u2026 \u00e9 comigo mesmo! Vamos tacar fogo! Agrade\u00e7o de cora\u00e7\u00e3o ao convite do presidente Gustavo Soares. Estou pronto para corresponder \u00e0s expectativas e, quem sabe, levar a escola ao t\u00edtulo\u201d, declarou Danilo.<\/p>\n<p>O presidente da agremia\u00e7\u00e3o, Gustavo Soares, tamb\u00e9m celebrou a chegada do novo int\u00e9rprete:<\/p>\n<p>\u201cEu desfilei na Acad\u00eamicos de Niter\u00f3i em 2022, a convite do presidente na \u00e9poca, Hugo Jr., e vi o Danilo cantando. Gostei muito do estilo dele e, em 2026, terei a honra de t\u00ea-lo aqui na Ponta da Areia. Desejo boas-vindas ao Danilo e tenho a certeza de que a contrata\u00e7\u00e3o do mesmo pela nossa escola aumenta ainda mais o n\u00edvel do Carnaval da cidade de Niter\u00f3i. Seja bem-vindo!\u201d<\/p>\n","protected":false},"excerpt":{"rendered":"<p>Foto: Divulga\u00e7\u00e3o\/Danilo Cezar Acad\u00eamicos da Ponta da Areia anuncia Danilo Cezar como novo int\u00e9rprete oficial A Acad\u00eamicos da Ponta da Areia d\u00e1 um passo importante rumo ao pr\u00f3ximo carnaval e anuncia a contrata\u00e7\u00e3o do int\u00e9rprete Danilo Cezar, um dos grandes nomes do samba-enredo da atualidade, com uma trajet\u00f3ria em ascens\u00e3o no carnaval capixaba e carioca. [&hellip;]<\/p>\n","protected":false},"author":1,"featured_media":2715,"comment_status":"closed","ping_status":"closed","sticky":false,"template":"","format":"standard","meta":{"footnotes":""},"categories":[17],"tags":[151,165,163,155,153,154,159,152,162],"class_list":["post-2714","post","type-post","status-publish","format-standard","has-post-thumbnail","hentry","category-carnaval-de-niteroi","tag-carnaval","tag-carnaval-de-niteroi","tag-grupo-especial","tag-intendente-magalhaes","tag-mundo-do-carnaval","tag-rio-de-janeiro","tag-samba","tag-sapucai","tag-serie-ouro"],"_links":{"self":[{"href":"https:\/\/mundodocarnaval.com.br\/pt_br\/wp-json\/wp\/v2\/posts\/2714","targetHints":{"allow":["GET"]}}],"collection":[{"href":"https:\/\/mundodocarnaval.com.br\/pt_br\/wp-json\/wp\/v2\/posts"}],"about":[{"href":"https:\/\/mundodocarnaval.com.br\/pt_br\/wp-json\/wp\/v2\/types\/post"}],"author":[{"embeddable":true,"href":"https:\/\/mundodocarnaval.com.br\/pt_br\/wp-json\/wp\/v2\/users\/1"}],"replies":[{"embeddable":true,"href":"https:\/\/mundodocarnaval.com.br\/pt_br\/wp-json\/wp\/v2\/comments?post=2714"}],"version-history":[{"count":1,"href":"https:\/\/mundodocarnaval.com.br\/pt_br\/wp-json\/wp\/v2\/posts\/2714\/revisions"}],"predecessor-version":[{"id":2716,"href":"https:\/\/mundodocarnaval.com.br\/pt_br\/wp-json\/wp\/v2\/posts\/2714\/revisions\/2716"}],"wp:featuredmedia":[{"embeddable":true,"href":"https:\/\/mundodocarnaval.com.br\/pt_br\/wp-json\/wp\/v2\/media\/2715"}],"wp:attachment":[{"href":"https:\/\/mundodocarnaval.com.br\/pt_br\/wp-json\/wp\/v2\/media?parent=2714"}],"wp:term":[{"taxonomy":"category","embeddable":true,"href":"https:\/\/mundodocarnaval.com.br\/pt_br\/wp-json\/wp\/v2\/categories?post=2714"},{"taxonomy":"post_tag","embeddable":true,"href":"https:\/\/mundodocarnaval.com.br\/pt_br\/wp-json\/wp\/v2\/tags?post=2714"}],"curies":[{"name":"wp","href":"https:\/\/api.w.org\/{rel}","templated":true}]}}