{"id":2717,"date":"2025-05-19T18:36:33","date_gmt":"2025-05-19T21:36:33","guid":{"rendered":"https:\/\/mundodocarnaval.com.br\/?p=2717"},"modified":"2025-05-19T18:36:33","modified_gmt":"2025-05-19T21:36:33","slug":"unidos-de-padre-miguel-realiza-recadastramento-de-componentes-dia-24-de-maio","status":"publish","type":"post","link":"https:\/\/mundodocarnaval.com.br\/pt_br\/unidos-de-padre-miguel-realiza-recadastramento-de-componentes-dia-24-de-maio\/","title":{"rendered":"Unidos de Padre Miguel realiza recadastramento de componentes dia 24 de maio"},"content":{"rendered":"<p>Unidos de Padre Miguel realiza recadastramento de componentes dia 24 de maio<br \/>\nA Unidos de Padre Miguel realizar\u00e1 no pr\u00f3ximo dia 24 de maio, das 10h \u00e0s 18h, o recadastramento dos componentes que desejam desfilar no Carnaval de 2026. O atendimento ser\u00e1 presencial e exclusivo para quem desfilou pela escola em 2025.<\/p>\n<p>Para efetuar o recadastramento, \u00e9 necess\u00e1rio apresentar c\u00f3pia do RG, comprovante de resid\u00eancia e uma foto 3&#215;4, al\u00e9m do pagamento de uma taxa de R$ 50,00.<\/p>\n<p>Respons\u00e1vel pelo recadastramento, o diretor-geral de Harmonia, Marcelo Marques, refor\u00e7a a import\u00e2ncia da participa\u00e7\u00e3o da comunidade nesse momento:<\/p>\n<p>&#8220;Esse \u00e9 o primeiro passo da nossa caminhada rumo ao desfile de 2026. Estamos organizando tudo com muito carinho e disciplina, e contamos com quem j\u00e1 esteve conosco em 2025 para seguir nessa trajet\u00f3ria de garra e supera\u00e7\u00e3o.&#8221;<\/p>\n<p>A escola informa ainda que as inscri\u00e7\u00f5es para novos componentes ser\u00e3o divulgadas em breve, por meio das redes sociais oficiais da agremia\u00e7\u00e3o.<\/p>\n","protected":false},"excerpt":{"rendered":"<p>Unidos de Padre Miguel realiza recadastramento de componentes dia 24 de maio A Unidos de Padre Miguel realizar\u00e1 no pr\u00f3ximo dia 24 de maio, das 10h \u00e0s 18h, o recadastramento dos componentes que desejam desfilar no Carnaval de 2026. O atendimento ser\u00e1 presencial e exclusivo para quem desfilou pela escola em 2025. Para efetuar o [&hellip;]<\/p>\n","protected":false},"author":1,"featured_media":2672,"comment_status":"closed","ping_status":"closed","sticky":false,"template":"","format":"standard","meta":{"footnotes":""},"categories":[13],"tags":[151,165,163,155,153,154,159,152,162],"class_list":["post-2717","post","type-post","status-publish","format-standard","has-post-thumbnail","hentry","category-fashion","tag-carnaval","tag-carnaval-de-niteroi","tag-grupo-especial","tag-intendente-magalhaes","tag-mundo-do-carnaval","tag-rio-de-janeiro","tag-samba","tag-sapucai","tag-serie-ouro"],"_links":{"self":[{"href":"https:\/\/mundodocarnaval.com.br\/pt_br\/wp-json\/wp\/v2\/posts\/2717","targetHints":{"allow":["GET"]}}],"collection":[{"href":"https:\/\/mundodocarnaval.com.br\/pt_br\/wp-json\/wp\/v2\/posts"}],"about":[{"href":"https:\/\/mundodocarnaval.com.br\/pt_br\/wp-json\/wp\/v2\/types\/post"}],"author":[{"embeddable":true,"href":"https:\/\/mundodocarnaval.com.br\/pt_br\/wp-json\/wp\/v2\/users\/1"}],"replies":[{"embeddable":true,"href":"https:\/\/mundodocarnaval.com.br\/pt_br\/wp-json\/wp\/v2\/comments?post=2717"}],"version-history":[{"count":1,"href":"https:\/\/mundodocarnaval.com.br\/pt_br\/wp-json\/wp\/v2\/posts\/2717\/revisions"}],"predecessor-version":[{"id":2718,"href":"https:\/\/mundodocarnaval.com.br\/pt_br\/wp-json\/wp\/v2\/posts\/2717\/revisions\/2718"}],"wp:featuredmedia":[{"embeddable":true,"href":"https:\/\/mundodocarnaval.com.br\/pt_br\/wp-json\/wp\/v2\/media\/2672"}],"wp:attachment":[{"href":"https:\/\/mundodocarnaval.com.br\/pt_br\/wp-json\/wp\/v2\/media?parent=2717"}],"wp:term":[{"taxonomy":"category","embeddable":true,"href":"https:\/\/mundodocarnaval.com.br\/pt_br\/wp-json\/wp\/v2\/categories?post=2717"},{"taxonomy":"post_tag","embeddable":true,"href":"https:\/\/mundodocarnaval.com.br\/pt_br\/wp-json\/wp\/v2\/tags?post=2717"}],"curies":[{"name":"wp","href":"https:\/\/api.w.org\/{rel}","templated":true}]}}