{"id":2720,"date":"2025-05-21T21:58:15","date_gmt":"2025-05-22T00:58:15","guid":{"rendered":"https:\/\/mundodocarnaval.com.br\/?p=2720"},"modified":"2025-05-21T21:58:15","modified_gmt":"2025-05-22T00:58:15","slug":"unidos-de-padre-miguel-abre-inscricoes-para-escolinha-de-percussao-e-lanca-sua-bateria-mirim","status":"publish","type":"post","link":"https:\/\/mundodocarnaval.com.br\/pt_br\/unidos-de-padre-miguel-abre-inscricoes-para-escolinha-de-percussao-e-lanca-sua-bateria-mirim\/","title":{"rendered":"\u200bUNIDOS DE PADRE MIGUEL ABRE INSCRI\u00c7\u00d5ES PARA ESCOLINHA DE PERCUSS\u00c3O E LAN\u00c7A SUA BATERIA MIRIM"},"content":{"rendered":"<p>UNIDOS DE PADRE MIGUEL ABRE INSCRI\u00c7\u00d5ES PARA ESCOLINHA DE PERCUSS\u00c3O E LAN\u00c7A SUA BATERIA MIRIM<br \/>\nA Unidos de Padre Miguel est\u00e1 com inscri\u00e7\u00f5es abertas para sua Escolinha de Percuss\u00e3o e Bateria Mirim, um projeto social e cultural voltado \u00e0 forma\u00e7\u00e3o de novos ritmistas e \u00e0 promo\u00e7\u00e3o da cultura do samba entre crian\u00e7as e jovens da comunidade.<\/p>\n<p>As aulas s\u00e3o gratuitas e acontecer\u00e3o todas as quintas-feiras, a partir do dia 29\/05, das 19h \u00e0s 21h, na quadra da escola. Os participantes poder\u00e3o aprender a tocar instrumentos essenciais da bateria, como cu\u00edca, tamborim, chocalho, caixa, repique e surdos. As inscri\u00e7\u00f5es seguem abertas at\u00e9 o dia 26 de maio, e podem ser feitas diretamente pelo WhatsApp, no n\u00famero (21) 98034-5067. Podem participar crian\u00e7as a partir dos 07 anos, adolescentes e adultos. <\/p>\n<p>O projeto marca tamb\u00e9m o lan\u00e7amento oficial da Bateria Mirim da Unidos de Padre Miguel, idealizada por Mestre Laion, atual respons\u00e1vel pela Bateria Guerreiros da Unidos, e tem como objetivo formar desde cedo os ritmistas que, futuramente, integrar\u00e3o a bateria oficial da escola.<\/p>\n<p>\u201cEsse projeto \u00e9 um sonho antigo. Sempre quisemos ampliar nosso trabalho para al\u00e9m da avenida, oferecendo oportunidade e forma\u00e7\u00e3o para as crian\u00e7as da comunidade. A Bateria Mirim vai muito al\u00e9m da m\u00fasica: \u00e9 cidadania, disciplina, alegria e pertencimento. \u00c9 de onde sair\u00e3o os futuros guerreiros da nossa bateria\u201d, afirma Mestre Laion.<\/p>\n<p>Como s\u00edmbolo do sucesso da escolinha e da for\u00e7a da comunidade, a agremia\u00e7\u00e3o anuncia o jovem Gustavo, de 19 anos, como o primeiro mestre da Bateria Mirim. Cria do bairro, ele iniciou sua trajet\u00f3ria na escolinha de percuss\u00e3o em 2019, ingressou na bateria oficial um ano depois, aos 14 anos, e hoje assume o desafio de liderar e inspirar os novos talentos.<\/p>\n<p>\u201cComecei aqui pequeno, aprendendo aos poucos, e me apaixonei pela percuss\u00e3o. Ter sido escolhido como mestre da Bateria Mirim \u00e9 uma honra enorme. Quero ajudar outras crian\u00e7as a descobrirem esse amor e seguirem o mesmo caminho que eu\u201d, declara Gustavo.<\/p>\n","protected":false},"excerpt":{"rendered":"<p>UNIDOS DE PADRE MIGUEL ABRE INSCRI\u00c7\u00d5ES PARA ESCOLINHA DE PERCUSS\u00c3O E LAN\u00c7A SUA BATERIA MIRIM A Unidos de Padre Miguel est\u00e1 com inscri\u00e7\u00f5es abertas para sua Escolinha de Percuss\u00e3o e Bateria Mirim, um projeto social e cultural voltado \u00e0 forma\u00e7\u00e3o de novos ritmistas e \u00e0 promo\u00e7\u00e3o da cultura do samba entre crian\u00e7as e jovens da [&hellip;]<\/p>\n","protected":false},"author":1,"featured_media":2721,"comment_status":"closed","ping_status":"closed","sticky":false,"template":"","format":"standard","meta":{"footnotes":""},"categories":[11],"tags":[151,165,163,155,153,154,159,152,162],"class_list":["post-2720","post","type-post","status-publish","format-standard","has-post-thumbnail","hentry","category-noticias","tag-carnaval","tag-carnaval-de-niteroi","tag-grupo-especial","tag-intendente-magalhaes","tag-mundo-do-carnaval","tag-rio-de-janeiro","tag-samba","tag-sapucai","tag-serie-ouro"],"_links":{"self":[{"href":"https:\/\/mundodocarnaval.com.br\/pt_br\/wp-json\/wp\/v2\/posts\/2720","targetHints":{"allow":["GET"]}}],"collection":[{"href":"https:\/\/mundodocarnaval.com.br\/pt_br\/wp-json\/wp\/v2\/posts"}],"about":[{"href":"https:\/\/mundodocarnaval.com.br\/pt_br\/wp-json\/wp\/v2\/types\/post"}],"author":[{"embeddable":true,"href":"https:\/\/mundodocarnaval.com.br\/pt_br\/wp-json\/wp\/v2\/users\/1"}],"replies":[{"embeddable":true,"href":"https:\/\/mundodocarnaval.com.br\/pt_br\/wp-json\/wp\/v2\/comments?post=2720"}],"version-history":[{"count":1,"href":"https:\/\/mundodocarnaval.com.br\/pt_br\/wp-json\/wp\/v2\/posts\/2720\/revisions"}],"predecessor-version":[{"id":2722,"href":"https:\/\/mundodocarnaval.com.br\/pt_br\/wp-json\/wp\/v2\/posts\/2720\/revisions\/2722"}],"wp:featuredmedia":[{"embeddable":true,"href":"https:\/\/mundodocarnaval.com.br\/pt_br\/wp-json\/wp\/v2\/media\/2721"}],"wp:attachment":[{"href":"https:\/\/mundodocarnaval.com.br\/pt_br\/wp-json\/wp\/v2\/media?parent=2720"}],"wp:term":[{"taxonomy":"category","embeddable":true,"href":"https:\/\/mundodocarnaval.com.br\/pt_br\/wp-json\/wp\/v2\/categories?post=2720"},{"taxonomy":"post_tag","embeddable":true,"href":"https:\/\/mundodocarnaval.com.br\/pt_br\/wp-json\/wp\/v2\/tags?post=2720"}],"curies":[{"name":"wp","href":"https:\/\/api.w.org\/{rel}","templated":true}]}}