{"id":2723,"date":"2025-05-21T22:07:13","date_gmt":"2025-05-22T01:07:13","guid":{"rendered":"https:\/\/mundodocarnaval.com.br\/?p=2723"},"modified":"2025-05-21T22:07:13","modified_gmt":"2025-05-22T01:07:13","slug":"uniao-de-marica-comemora-10-anos-com-show-de-xande","status":"publish","type":"post","link":"https:\/\/mundodocarnaval.com.br\/pt_br\/uniao-de-marica-comemora-10-anos-com-show-de-xande\/","title":{"rendered":"Uni\u00e3o de Maric\u00e1 comemora 10 anos com show de Xande"},"content":{"rendered":"<p>Uni\u00e3o de Maric\u00e1 comemora 10 anos com show de Xande de Pilares na pr\u00f3xima segunda (26)<br \/>\nEvento vai contar tamb\u00e9m com a presen\u00e7a da Porto da Pedra, escola madrinha; ingressos est\u00e3o \u00e0 venda<\/p>\n<p>A Uni\u00e3o de Maric\u00e1 vai celebrar em grande estilo os seus 10 anos de hist\u00f3ria na pr\u00f3xima segunda-feira (26), a partir das 15h, em sua quadra, no Centro de Maric\u00e1. A festa, que tamb\u00e9m homenageia o anivers\u00e1rio da cidade, contar\u00e1 com o show do cantor Xande de Pilares como atra\u00e7\u00e3o principal, al\u00e9m da abertura do cantor Babby, a participa\u00e7\u00e3o especial da madrinha da Porto da Pedra e, claro, o elenco maricaense sob o comando do int\u00e9rprete Z\u00e9 Paulo Sierra.<\/p>\n<p>A comemora\u00e7\u00e3o marca uma d\u00e9cada de crescimento e consolida\u00e7\u00e3o da agremia\u00e7\u00e3o como um dos principais s\u00edmbolos culturais de Maric\u00e1. Fundada em 2015, a Uni\u00e3o de Maric\u00e1 estreou na Marqu\u00eas de Sapuca\u00ed em 2024. Agora, o foco \u00e9 celebrar o caminho percorrido e buscar novos voos, como o in\u00e9dito acesso ao Grupo Especial.<\/p>\n<p>Para o administrador da escola Matheus Santos, o evento \u00e9 mais do que uma simples festa: \u00e9 um momento de afirma\u00e7\u00e3o da trajet\u00f3ria e da for\u00e7a da Uni\u00e3o de Maric\u00e1 como agente de transforma\u00e7\u00e3o cultural.<\/p>\n<p>&#8211; Celebrar 10 anos da Uni\u00e3o de Maric\u00e1 \u00e9 celebrar a hist\u00f3ria de uma escola que nasceu do sonho coletivo de representar a nossa cidade no maior espet\u00e1culo da Terra. Em apenas uma d\u00e9cada, conseguimos construir uma identidade forte, ocupar espa\u00e7os importantes no carnaval e levar o nome de Maric\u00e1 para todo o Brasil com orgulho. Essa festa \u00e9 para agradecer a todos que fizeram e fazem parte dessa caminhada &#8211; afirmou Matheus.<\/p>\n<p>Com o valor \u00fanico de R$ 20,00, os ingressos j\u00e1 est\u00e3o \u00e0 venda na plataforma Guich\u00ea Web, pela internet, e tamb\u00e9m podem ser adquiridos presencialmente em dois pontos: na quadra da escola, de segunda a sexta-feira, das 10h \u00e0s 20h, e na Loja do Maric\u00e1 FC, de segunda a sexta, das 9h \u00e0s 17h, e aos s\u00e1bados at\u00e9 13h.<\/p>\n<p>Servi\u00e7o:<\/p>\n<p>Uni\u00e3o de Maric\u00e1 \u2013 10 anos<br \/>\nData: 26 de maio (segunda-feira)<br \/>\nHor\u00e1rio de in\u00edcio: 15h<br \/>\nEndere\u00e7o: Quadra da Uni\u00e3o de Maric\u00e1 \u2013 Rodovia Amaral Peixoto, 29024 &#8211; Centro, Maric\u00e1<br \/>\nAtra\u00e7\u00f5es: Xande de Pilares, Babby, Unidos do Porto da Pedra e elenco show da Uni\u00e3o de Maric\u00e1<br \/>\nIngresso: R$ 20,00 \u2013 \u00e0 venda pela plataforma Guich\u00ea Web https:\/\/www.guicheweb.com.br\/10-anos-uniao-de-marica_41955 ou presencialmente:<br \/>\n\u2022\u2002Quadra da escola \u2013 Rodovia Amaral Peixoto, 29024, Centro \u2013 Maric\u00e1 (seg. a sex., das 10h \u00e0s 20h)<br \/>\n\u2022\u2002Loja do Maric\u00e1 FC \u2013 Rodovia Amaral Peixoto, 25000, Itapeba \u2013 Maric\u00e1 (seg. a sex., das 9h \u00e0s 17h; s\u00e1b., at\u00e9 13h)<br \/>\nClassifica\u00e7\u00e3o et\u00e1ria: Livre<\/p>\n<p>Fotos: Leandro Andrade<\/p>\n","protected":false},"excerpt":{"rendered":"<p>Uni\u00e3o de Maric\u00e1 comemora 10 anos com show de Xande de Pilares na pr\u00f3xima segunda (26) Evento vai contar tamb\u00e9m com a presen\u00e7a da Porto da Pedra, escola madrinha; ingressos est\u00e3o \u00e0 venda A Uni\u00e3o de Maric\u00e1 vai celebrar em grande estilo os seus 10 anos de hist\u00f3ria na pr\u00f3xima segunda-feira (26), a partir das [&hellip;]<\/p>\n","protected":false},"author":1,"featured_media":2724,"comment_status":"closed","ping_status":"closed","sticky":false,"template":"","format":"standard","meta":{"footnotes":""},"categories":[13],"tags":[151,165,163,155,153,154,159,152,162],"class_list":["post-2723","post","type-post","status-publish","format-standard","has-post-thumbnail","hentry","category-fashion","tag-carnaval","tag-carnaval-de-niteroi","tag-grupo-especial","tag-intendente-magalhaes","tag-mundo-do-carnaval","tag-rio-de-janeiro","tag-samba","tag-sapucai","tag-serie-ouro"],"_links":{"self":[{"href":"https:\/\/mundodocarnaval.com.br\/pt_br\/wp-json\/wp\/v2\/posts\/2723","targetHints":{"allow":["GET"]}}],"collection":[{"href":"https:\/\/mundodocarnaval.com.br\/pt_br\/wp-json\/wp\/v2\/posts"}],"about":[{"href":"https:\/\/mundodocarnaval.com.br\/pt_br\/wp-json\/wp\/v2\/types\/post"}],"author":[{"embeddable":true,"href":"https:\/\/mundodocarnaval.com.br\/pt_br\/wp-json\/wp\/v2\/users\/1"}],"replies":[{"embeddable":true,"href":"https:\/\/mundodocarnaval.com.br\/pt_br\/wp-json\/wp\/v2\/comments?post=2723"}],"version-history":[{"count":1,"href":"https:\/\/mundodocarnaval.com.br\/pt_br\/wp-json\/wp\/v2\/posts\/2723\/revisions"}],"predecessor-version":[{"id":2725,"href":"https:\/\/mundodocarnaval.com.br\/pt_br\/wp-json\/wp\/v2\/posts\/2723\/revisions\/2725"}],"wp:featuredmedia":[{"embeddable":true,"href":"https:\/\/mundodocarnaval.com.br\/pt_br\/wp-json\/wp\/v2\/media\/2724"}],"wp:attachment":[{"href":"https:\/\/mundodocarnaval.com.br\/pt_br\/wp-json\/wp\/v2\/media?parent=2723"}],"wp:term":[{"taxonomy":"category","embeddable":true,"href":"https:\/\/mundodocarnaval.com.br\/pt_br\/wp-json\/wp\/v2\/categories?post=2723"},{"taxonomy":"post_tag","embeddable":true,"href":"https:\/\/mundodocarnaval.com.br\/pt_br\/wp-json\/wp\/v2\/tags?post=2723"}],"curies":[{"name":"wp","href":"https:\/\/api.w.org\/{rel}","templated":true}]}}