{"id":2726,"date":"2025-05-22T00:29:43","date_gmt":"2025-05-22T03:29:43","guid":{"rendered":"https:\/\/mundodocarnaval.com.br\/?p=2726"},"modified":"2025-05-22T00:29:43","modified_gmt":"2025-05-22T03:29:43","slug":"academicos-de-niteroi-abre-inscricoes-do-workshop-seletivo-para-ala-de-passistas","status":"publish","type":"post","link":"https:\/\/mundodocarnaval.com.br\/pt_br\/academicos-de-niteroi-abre-inscricoes-do-workshop-seletivo-para-ala-de-passistas\/","title":{"rendered":"Acad\u00eamicos de Niter\u00f3i abre inscri\u00e7\u00f5es do workshop seletivo para ala de passistas"},"content":{"rendered":"<p>Acad\u00eamicos de Niter\u00f3i abre inscri\u00e7\u00f5es do workshop seletivo para ala de passistas<\/p>\n<p>Rumo a um grande desfile no carnaval de 2026, a Acad\u00eamicos de Niter\u00f3i promover\u00e1 um worskshop seletivo para ala de passistas. Sob o comando de Kellyn Rosa, o encontro tem o objetivo definir o elenco que estar\u00e1 com a escola nesta estreia do Grupo Especial. A sele\u00e7\u00e3o acontecer\u00e1 no dia 22 de junho, \u00e0s 11h, no Clube Fluminensinho.<\/p>\n<p>O workshop \u00e9 destinado ao p\u00fablico geral, para os passistas antigos e os novos candidatos, todos acima de 16 anos. Lembrando que em caso dos menores de idade \u00e9 obrigat\u00f3ria a presen\u00e7a de um respons\u00e1vel legal durante todo o processo. As inscri\u00e7\u00f5es acontecem atrav\u00e9s do link https:\/\/encurtador.com.br\/CDjwy que cont\u00e9m todas as informa\u00e7\u00f5es.<\/p>\n<p>Para o dia do workshop:<br \/>\n&#8211; Vestimenta: roupas confort\u00e1veis e dentro das cores da escola de samba<\/p>\n<p>&#8211; Salto (mulheres) | Sapato Social (homens);<\/p>\n<p>&#8211; Levar \u00e1gua, algo leve pra lanche, etc (sendo din\u00e2mica de movimenta\u00e7\u00e3o e dan\u00e7a cresce a import\u00e2ncia de cuidado com esse item)<\/p>\n<p>Fotos: Gabriel Belmiro <\/p>\n","protected":false},"excerpt":{"rendered":"<p>Acad\u00eamicos de Niter\u00f3i abre inscri\u00e7\u00f5es do workshop seletivo para ala de passistas Rumo a um grande desfile no carnaval de 2026, a Acad\u00eamicos de Niter\u00f3i promover\u00e1 um worskshop seletivo para ala de passistas. Sob o comando de Kellyn Rosa, o encontro tem o objetivo definir o elenco que estar\u00e1 com a escola nesta estreia do [&hellip;]<\/p>\n","protected":false},"author":1,"featured_media":2727,"comment_status":"closed","ping_status":"closed","sticky":false,"template":"","format":"standard","meta":{"footnotes":""},"categories":[12],"tags":[151,165,163,155,153,154,159,152,162],"class_list":["post-2726","post","type-post","status-publish","format-standard","has-post-thumbnail","hentry","category-grupo-especial","tag-carnaval","tag-carnaval-de-niteroi","tag-grupo-especial","tag-intendente-magalhaes","tag-mundo-do-carnaval","tag-rio-de-janeiro","tag-samba","tag-sapucai","tag-serie-ouro"],"_links":{"self":[{"href":"https:\/\/mundodocarnaval.com.br\/pt_br\/wp-json\/wp\/v2\/posts\/2726","targetHints":{"allow":["GET"]}}],"collection":[{"href":"https:\/\/mundodocarnaval.com.br\/pt_br\/wp-json\/wp\/v2\/posts"}],"about":[{"href":"https:\/\/mundodocarnaval.com.br\/pt_br\/wp-json\/wp\/v2\/types\/post"}],"author":[{"embeddable":true,"href":"https:\/\/mundodocarnaval.com.br\/pt_br\/wp-json\/wp\/v2\/users\/1"}],"replies":[{"embeddable":true,"href":"https:\/\/mundodocarnaval.com.br\/pt_br\/wp-json\/wp\/v2\/comments?post=2726"}],"version-history":[{"count":1,"href":"https:\/\/mundodocarnaval.com.br\/pt_br\/wp-json\/wp\/v2\/posts\/2726\/revisions"}],"predecessor-version":[{"id":2728,"href":"https:\/\/mundodocarnaval.com.br\/pt_br\/wp-json\/wp\/v2\/posts\/2726\/revisions\/2728"}],"wp:featuredmedia":[{"embeddable":true,"href":"https:\/\/mundodocarnaval.com.br\/pt_br\/wp-json\/wp\/v2\/media\/2727"}],"wp:attachment":[{"href":"https:\/\/mundodocarnaval.com.br\/pt_br\/wp-json\/wp\/v2\/media?parent=2726"}],"wp:term":[{"taxonomy":"category","embeddable":true,"href":"https:\/\/mundodocarnaval.com.br\/pt_br\/wp-json\/wp\/v2\/categories?post=2726"},{"taxonomy":"post_tag","embeddable":true,"href":"https:\/\/mundodocarnaval.com.br\/pt_br\/wp-json\/wp\/v2\/tags?post=2726"}],"curies":[{"name":"wp","href":"https:\/\/api.w.org\/{rel}","templated":true}]}}