{"id":2729,"date":"2025-05-22T00:49:01","date_gmt":"2025-05-22T03:49:01","guid":{"rendered":"https:\/\/mundodocarnaval.com.br\/?p=2729"},"modified":"2025-05-22T00:49:01","modified_gmt":"2025-05-22T03:49:01","slug":"pedro-gaspar-e-o-novo-diretor-da-ala-de-passistas-da-independentes-de-olaria","status":"publish","type":"post","link":"https:\/\/mundodocarnaval.com.br\/pt_br\/pedro-gaspar-e-o-novo-diretor-da-ala-de-passistas-da-independentes-de-olaria\/","title":{"rendered":"Pedro Gaspar \u00e9 o novo diretor da ala de passistas da Independentes de Olaria"},"content":{"rendered":"<p>Pedro Gaspar \u00e9 o novo diretor da ala de passistas da Independentes de Olaria<\/p>\n<p>A Independentes de Olaria apresentou mais uma novidade para o carnaval de 2026. A agremia\u00e7\u00e3o ter\u00e1 Pedro Gaspar como novo Diretor da Ala de Passistas para o pr\u00f3ximo desfile. O profissional \u00e9 um dos nomes que refor\u00e7ar\u00e1 a equipe do lobo forte da Leopoldina para o seu desfile na Intendente Magalh\u00e3es.<\/p>\n<p>Pedro come\u00e7ou no samba na Mocidade Independente aos 9 anos e integra h\u00e1 15 anos a ala de passistas da Unidos de Vila Isabel. \u00c9 bailarino de Comiss\u00e3o de Frente, tendo dan\u00e7ado no Imp\u00e9rio da Tijuca em 2022 e Unidos de Bangu em 23\/24\/25.<\/p>\n<p>&#8211; Chego para o Carnaval de 2026 com muita energia, vontade de aprender e entregar um pouco do que sei e penso sobre a ala de passistas. Que seja um Carnaval de integra\u00e7\u00e3o e progresso com a Lobo Forte da Leopoldina. Vamos com tudo rumo a um grandioso desfile.<\/p>\n","protected":false},"excerpt":{"rendered":"<p>Pedro Gaspar \u00e9 o novo diretor da ala de passistas da Independentes de Olaria A Independentes de Olaria apresentou mais uma novidade para o carnaval de 2026. A agremia\u00e7\u00e3o ter\u00e1 Pedro Gaspar como novo Diretor da Ala de Passistas para o pr\u00f3ximo desfile. O profissional \u00e9 um dos nomes que refor\u00e7ar\u00e1 a equipe do lobo [&hellip;]<\/p>\n","protected":false},"author":1,"featured_media":2730,"comment_status":"closed","ping_status":"closed","sticky":false,"template":"","format":"standard","meta":{"footnotes":""},"categories":[14],"tags":[151,165,163,155,153,154,159,152,162],"class_list":["post-2729","post","type-post","status-publish","format-standard","has-post-thumbnail","hentry","category-gadgets","tag-carnaval","tag-carnaval-de-niteroi","tag-grupo-especial","tag-intendente-magalhaes","tag-mundo-do-carnaval","tag-rio-de-janeiro","tag-samba","tag-sapucai","tag-serie-ouro"],"_links":{"self":[{"href":"https:\/\/mundodocarnaval.com.br\/pt_br\/wp-json\/wp\/v2\/posts\/2729","targetHints":{"allow":["GET"]}}],"collection":[{"href":"https:\/\/mundodocarnaval.com.br\/pt_br\/wp-json\/wp\/v2\/posts"}],"about":[{"href":"https:\/\/mundodocarnaval.com.br\/pt_br\/wp-json\/wp\/v2\/types\/post"}],"author":[{"embeddable":true,"href":"https:\/\/mundodocarnaval.com.br\/pt_br\/wp-json\/wp\/v2\/users\/1"}],"replies":[{"embeddable":true,"href":"https:\/\/mundodocarnaval.com.br\/pt_br\/wp-json\/wp\/v2\/comments?post=2729"}],"version-history":[{"count":1,"href":"https:\/\/mundodocarnaval.com.br\/pt_br\/wp-json\/wp\/v2\/posts\/2729\/revisions"}],"predecessor-version":[{"id":2731,"href":"https:\/\/mundodocarnaval.com.br\/pt_br\/wp-json\/wp\/v2\/posts\/2729\/revisions\/2731"}],"wp:featuredmedia":[{"embeddable":true,"href":"https:\/\/mundodocarnaval.com.br\/pt_br\/wp-json\/wp\/v2\/media\/2730"}],"wp:attachment":[{"href":"https:\/\/mundodocarnaval.com.br\/pt_br\/wp-json\/wp\/v2\/media?parent=2729"}],"wp:term":[{"taxonomy":"category","embeddable":true,"href":"https:\/\/mundodocarnaval.com.br\/pt_br\/wp-json\/wp\/v2\/categories?post=2729"},{"taxonomy":"post_tag","embeddable":true,"href":"https:\/\/mundodocarnaval.com.br\/pt_br\/wp-json\/wp\/v2\/tags?post=2729"}],"curies":[{"name":"wp","href":"https:\/\/api.w.org\/{rel}","templated":true}]}}