{"id":2732,"date":"2025-05-22T14:51:31","date_gmt":"2025-05-22T17:51:31","guid":{"rendered":"https:\/\/mundodocarnaval.com.br\/?p=2732"},"modified":"2025-05-22T14:51:31","modified_gmt":"2025-05-22T17:51:31","slug":"salgueiro-anuncia-enredo-de-2026-em-homenagem-a-rosa-magalhaes","status":"publish","type":"post","link":"https:\/\/mundodocarnaval.com.br\/pt_br\/salgueiro-anuncia-enredo-de-2026-em-homenagem-a-rosa-magalhaes\/","title":{"rendered":"Salgueiro anuncia enredo de 2026 em homenagem a Rosa Magalh\u00e3es"},"content":{"rendered":"<p>Salgueiro anuncia enredo de 2026 em homenagem a Rosa Magalh\u00e3es<br \/>\nCom o t\u00edtulo \u201cA delirante jornada carnavalesca da professora que n\u00e3o tinha medo de bruxa, de bacalhau e nem do pirata da perna-de-pau\u201d, a escola pretende apresentar um cortejo l\u00fadico inspirado na trajet\u00f3ria criativa da saudosa carnavalesca<\/p>\n<p>O G.R.E.S. Acad\u00eamicos do Salgueiro anunciou, nesta quarta-feira, 21 de maio, o enredo que levar\u00e1 para a Marqu\u00eas de Sapuca\u00ed no Carnaval de 2026. Com o t\u00edtulo \u201cA delirante jornada carnavalesca da professora que n\u00e3o tinha medo de bruxa, de bacalhau e nem do pirata da perna-de-pau\u201d, a escola prestar\u00e1 homenagem \u00e0 saudosa carnavalesca Rosa Magalh\u00e3es, uma das maiores figuras da hist\u00f3ria do carnaval brasileiro.<\/p>\n<p>A apresenta\u00e7\u00e3o do enredo, realizada no barrac\u00e3o da escola, na Cidade do Samba, reuniu personalidades do mundo do samba, amigos e admiradores da artista, como os jornalistas Leonardo Bruno e F\u00e1bio Fabato; o professor e escritor Luiz Ant\u00f4nio Simas; a professora e escritora Rachel Valen\u00e7a; o carnavalesco, professor e comentarista da TV Globo, Milton Cunha; o diretor de carnaval da Liesa, Elmo dos Santos; e o int\u00e9rprete oficial do Salgueiro, Igor Sorriso, entre outros.<\/p>\n<p>A proposta \u00e9 apresentar um cortejo l\u00fadico inspirado na trajet\u00f3ria criativa de Rosa, partindo da m\u00e1gica biblioteca onde a carnavalesca iniciava suas pesquisas. Ao longo dessa f\u00e1bula imagin\u00e1ria, personagens cl\u00e1ssicos dos contos de fadas, nobres europeus, ind\u00edgenas, deuses e figuras do imagin\u00e1rio popular brasileiro surgir\u00e3o at\u00e9 culminar em uma grande celebra\u00e7\u00e3o em homenagem \u00e0 maior campe\u00e3 da Sapuca\u00ed.<\/p>\n<p>Segundo o carnavalesco Jorge Silveira, que assina o enredo ao lado do curador Leonardo Antan, a homenagem busca traduzir a genialidade e a sensibilidade de Rosa:<\/p>\n<p>\u201cRosa foi o maior nome que a cultura carnavalesca brasileira produziu. Com sua generosidade art\u00edstica e humor inteligente, nos guiou por um universo fant\u00e1stico. Artista definitiva, espelho da alma antropof\u00e1gica brasileira. Em 2026, o Salgueiro, honrosamente, encerra os desfiles carnavalescos convidando todo o mundo do samba a celebrar a obra da maior de todos n\u00f3s.\u201d<\/p>\n<p>Para Leonardo Antan, a homenagem tamb\u00e9m tem car\u00e1ter pedag\u00f3gico e hist\u00f3rico:<\/p>\n<p>\u201cRosa foi uma artista genial que redefiniu as c\u00e9lulas-base da linguagem carnavalesca, palco de encontros e celebra\u00e7\u00f5es das artes. Em suas narrativas, revelou hist\u00f3rias transbordantes de Brasis, que misturam povos e tempos, frutos de profundas e prof\u00edcuas pesquisas. Ser\u00e1 uma honra transformar tudo isso em enredo e homenagear a artista que me ensinou tanto sobre o nosso pa\u00eds.\u201d<\/p>\n<p>A equipe de cria\u00e7\u00e3o respons\u00e1vel pelo enredo conta ainda com Ricardo Hessez e Allan Barbosa.<\/p>\n<p>Quem foi Rosa Magalh\u00e3es:<br \/>\nRosa Magalh\u00e3es foi uma das mais premiadas e respeitadas carnavalescas do Brasil. Com forma\u00e7\u00e3o em pintura, cenografia e indument\u00e1ria, tamb\u00e9m foi professora da Escola de Belas Artes da UFRJ. Seu estilo inconfund\u00edvel, com forte influ\u00eancia do barroco e da arte contempor\u00e2nea, destacava-se pela riqueza est\u00e9tica, rigor na pesquisa hist\u00f3rica e criatividade narrativa.<\/p>\n<p>A rela\u00e7\u00e3o de Rosa com o Salgueiro foi profunda e marcante. Ela iniciou sua trajet\u00f3ria na escola no in\u00edcio da d\u00e9cada de 1970, integrando a equipe criativa liderada por Fernando Pamplona e Arlindo Rodrigues. Em 1971, participou do desenvolvimento do antol\u00f3gico desfile \u201cFesta para um rei negro\u201d, ao lado de nomes como Jo\u00e3osinho Trinta, L\u00edcia Lacerda e Maria Augusta.<\/p>\n<p>Nos anos de 1990 e 1991, Rosa retornou \u00e0 agremia\u00e7\u00e3o como carnavalesca principal. Com os enredos \u201cSou amigo do rei\u201d e \u201cMe masso se n\u00e3o passo pela Rua do Ouvidor\u201d, garantiu o terceiro lugar e o vice-campeonato, respectivamente. Sua passagem pelo Salgueiro foi fundamental para o desenvolvimento de sua carreira e para a moderniza\u00e7\u00e3o da escola.<\/p>\n<p>Com oito t\u00edtulos conquistados por escolas como Imp\u00e9rio Serrano, Imperatriz Leopoldinense e Vila Isabel, Rosa Magalh\u00e3es deixa um legado imensur\u00e1vel para a cultura carnavalesca. Foi tamb\u00e9m respons\u00e1vel pela cerim\u00f4nia de abertura dos Jogos Pan-Americanos de 2007, trabalho que lhe rendeu o Emmy Internacional.<\/p>\n<p>Sua arte segue viva nas mem\u00f3rias, nos desfiles e, agora, ser\u00e1 celebrada pela Academia do Samba, que encerrar\u00e1 as apresenta\u00e7\u00f5es da ter\u00e7a-feira de carnaval, no dia 17 de fevereiro de 2026.<\/p>\n<p>Foto 1: George Magaraia\/UERJ<br \/>\nFoto 2: Wigder Frota<br \/>\nFotos 3 e 4: Divulga\u00e7\u00e3o Salgueiro <\/p>\n","protected":false},"excerpt":{"rendered":"<p>Salgueiro anuncia enredo de 2026 em homenagem a Rosa Magalh\u00e3es Com o t\u00edtulo \u201cA delirante jornada carnavalesca da professora que n\u00e3o tinha medo de bruxa, de bacalhau e nem do pirata da perna-de-pau\u201d, a escola pretende apresentar um cortejo l\u00fadico inspirado na trajet\u00f3ria criativa da saudosa carnavalesca O G.R.E.S. Acad\u00eamicos do Salgueiro anunciou, nesta quarta-feira, [&hellip;]<\/p>\n","protected":false},"author":1,"featured_media":2733,"comment_status":"closed","ping_status":"closed","sticky":false,"template":"","format":"standard","meta":{"footnotes":""},"categories":[12],"tags":[151,165,163,155,153,154,159,152,162],"class_list":["post-2732","post","type-post","status-publish","format-standard","has-post-thumbnail","hentry","category-grupo-especial","tag-carnaval","tag-carnaval-de-niteroi","tag-grupo-especial","tag-intendente-magalhaes","tag-mundo-do-carnaval","tag-rio-de-janeiro","tag-samba","tag-sapucai","tag-serie-ouro"],"_links":{"self":[{"href":"https:\/\/mundodocarnaval.com.br\/pt_br\/wp-json\/wp\/v2\/posts\/2732","targetHints":{"allow":["GET"]}}],"collection":[{"href":"https:\/\/mundodocarnaval.com.br\/pt_br\/wp-json\/wp\/v2\/posts"}],"about":[{"href":"https:\/\/mundodocarnaval.com.br\/pt_br\/wp-json\/wp\/v2\/types\/post"}],"author":[{"embeddable":true,"href":"https:\/\/mundodocarnaval.com.br\/pt_br\/wp-json\/wp\/v2\/users\/1"}],"replies":[{"embeddable":true,"href":"https:\/\/mundodocarnaval.com.br\/pt_br\/wp-json\/wp\/v2\/comments?post=2732"}],"version-history":[{"count":1,"href":"https:\/\/mundodocarnaval.com.br\/pt_br\/wp-json\/wp\/v2\/posts\/2732\/revisions"}],"predecessor-version":[{"id":2734,"href":"https:\/\/mundodocarnaval.com.br\/pt_br\/wp-json\/wp\/v2\/posts\/2732\/revisions\/2734"}],"wp:featuredmedia":[{"embeddable":true,"href":"https:\/\/mundodocarnaval.com.br\/pt_br\/wp-json\/wp\/v2\/media\/2733"}],"wp:attachment":[{"href":"https:\/\/mundodocarnaval.com.br\/pt_br\/wp-json\/wp\/v2\/media?parent=2732"}],"wp:term":[{"taxonomy":"category","embeddable":true,"href":"https:\/\/mundodocarnaval.com.br\/pt_br\/wp-json\/wp\/v2\/categories?post=2732"},{"taxonomy":"post_tag","embeddable":true,"href":"https:\/\/mundodocarnaval.com.br\/pt_br\/wp-json\/wp\/v2\/tags?post=2732"}],"curies":[{"name":"wp","href":"https:\/\/api.w.org\/{rel}","templated":true}]}}