{"id":2735,"date":"2025-05-23T10:17:28","date_gmt":"2025-05-23T13:17:28","guid":{"rendered":"https:\/\/mundodocarnaval.com.br\/?p=2735"},"modified":"2025-05-23T10:17:28","modified_gmt":"2025-05-23T13:17:28","slug":"netinhos-do-tuiuti-celebra-primeiro-aniversario-apresenta-nova-diretoria","status":"publish","type":"post","link":"https:\/\/mundodocarnaval.com.br\/pt_br\/netinhos-do-tuiuti-celebra-primeiro-aniversario-apresenta-nova-diretoria\/","title":{"rendered":"Netinhos do Tuiuti celebra primeiro anivers\u00e1rio, apresenta nova diretoria"},"content":{"rendered":"<p>GRESM Netinhos do Tuiuti celebra primeiro anivers\u00e1rio, apresenta nova diretoria e enredo para 2026 neste domingo, 25<\/p>\n<p>Ser\u00e1 com uma grande festa que a escola de samba mirim Netinhos do Tuiuti dar\u00e1 o pontap\u00e9 inicial para o carnaval de 2026. A agremia\u00e7\u00e3o celebrar\u00e1 o seu primeiro anivers\u00e1rio com a posse da nova diretoria e lan\u00e7amento do enredo para o seu pr\u00f3ximo desfile, na Marqu\u00eas de Sapuca\u00ed. A festa acontece neste domingo, 25, a partir das 13h, na quadra do Para\u00edso do Tuiuti.<\/p>\n<p>Para celebrar o primeiro anivers\u00e1rio da escola, haver\u00e1 apresenta\u00e7\u00e3o dos segmentos e ser\u00e1 servido gratuitamente lanches e refrigerante para o p\u00fablico presente. A festa acontece na quadra do Para\u00edso do Tuiuti, localizada no Campo de S\u00e3o Crist\u00f3v\u00e3o, 33.<\/p>\n<p>Servi\u00e7o<br \/>\nFesta de anivers\u00e1rio e lan\u00e7amento do enredo 2026 Netinhos do Tuiuti<br \/>\nDia: 25 de maio<br \/>\nHor\u00e1rio: 13h<br \/>\nEntrada Franca<br \/>\nLocal: Quadra do Para\u00edso do Tuiuti &#8211; Campo de S\u00e3o Crist\u00f3v\u00e3o, 33.<\/p>\n","protected":false},"excerpt":{"rendered":"<p>GRESM Netinhos do Tuiuti celebra primeiro anivers\u00e1rio, apresenta nova diretoria e enredo para 2026 neste domingo, 25 Ser\u00e1 com uma grande festa que a escola de samba mirim Netinhos do Tuiuti dar\u00e1 o pontap\u00e9 inicial para o carnaval de 2026. A agremia\u00e7\u00e3o celebrar\u00e1 o seu primeiro anivers\u00e1rio com a posse da nova diretoria e lan\u00e7amento [&hellip;]<\/p>\n","protected":false},"author":1,"featured_media":2736,"comment_status":"closed","ping_status":"closed","sticky":false,"template":"","format":"standard","meta":{"footnotes":""},"categories":[16],"tags":[151,165,166,163,155,153,154,159,152],"class_list":["post-2735","post","type-post","status-publish","format-standard","has-post-thumbnail","hentry","category-escolas-mirins","tag-carnaval","tag-carnaval-de-niteroi","tag-escolas-mirins","tag-grupo-especial","tag-intendente-magalhaes","tag-mundo-do-carnaval","tag-rio-de-janeiro","tag-samba","tag-sapucai"],"_links":{"self":[{"href":"https:\/\/mundodocarnaval.com.br\/pt_br\/wp-json\/wp\/v2\/posts\/2735","targetHints":{"allow":["GET"]}}],"collection":[{"href":"https:\/\/mundodocarnaval.com.br\/pt_br\/wp-json\/wp\/v2\/posts"}],"about":[{"href":"https:\/\/mundodocarnaval.com.br\/pt_br\/wp-json\/wp\/v2\/types\/post"}],"author":[{"embeddable":true,"href":"https:\/\/mundodocarnaval.com.br\/pt_br\/wp-json\/wp\/v2\/users\/1"}],"replies":[{"embeddable":true,"href":"https:\/\/mundodocarnaval.com.br\/pt_br\/wp-json\/wp\/v2\/comments?post=2735"}],"version-history":[{"count":1,"href":"https:\/\/mundodocarnaval.com.br\/pt_br\/wp-json\/wp\/v2\/posts\/2735\/revisions"}],"predecessor-version":[{"id":2737,"href":"https:\/\/mundodocarnaval.com.br\/pt_br\/wp-json\/wp\/v2\/posts\/2735\/revisions\/2737"}],"wp:featuredmedia":[{"embeddable":true,"href":"https:\/\/mundodocarnaval.com.br\/pt_br\/wp-json\/wp\/v2\/media\/2736"}],"wp:attachment":[{"href":"https:\/\/mundodocarnaval.com.br\/pt_br\/wp-json\/wp\/v2\/media?parent=2735"}],"wp:term":[{"taxonomy":"category","embeddable":true,"href":"https:\/\/mundodocarnaval.com.br\/pt_br\/wp-json\/wp\/v2\/categories?post=2735"},{"taxonomy":"post_tag","embeddable":true,"href":"https:\/\/mundodocarnaval.com.br\/pt_br\/wp-json\/wp\/v2\/tags?post=2735"}],"curies":[{"name":"wp","href":"https:\/\/api.w.org\/{rel}","templated":true}]}}