{"id":2741,"date":"2025-05-29T04:21:12","date_gmt":"2025-05-29T07:21:12","guid":{"rendered":"https:\/\/mundodocarnaval.com.br\/?p=2741"},"modified":"2025-05-29T04:21:13","modified_gmt":"2025-05-29T07:21:13","slug":"unidos-de-padre-miguel-realiza-entrega-da-sinopse","status":"publish","type":"post","link":"https:\/\/mundodocarnaval.com.br\/pt_br\/unidos-de-padre-miguel-realiza-entrega-da-sinopse\/","title":{"rendered":"Unidos de Padre Miguel realiza entrega da sinopse"},"content":{"rendered":"<p>Unidos de Padre Miguel realiza entrega da sinopse nesta quinta-feira (29)<\/p>\n<p>A Unidos de Padre Miguel convida todos os compositores interessados em participar da disputa de samba-enredo para uma reuni\u00e3o especial na pr\u00f3xima quinta-feira, 29 de maio, \u00e0s 20h, na quadra da escola, localizada na Rua Mesquita, 8 \u2013 Padre Miguel.<\/p>\n<p>Durante o encontro, o carnavalesco Lucas Milato far\u00e1 a entrega oficial e a leitura da sinopse do enredo \u201c\ud835\ude12\ud835\ude36\ud835\ude2f\ud835\ude29\u00e3-\ud835\ude0c\ud835\ude35\u00e9: \ud835\ude16 \ud835\ude1a\ud835\ude30\ud835\ude31\ud835\ude33\ud835\ude30 \ud835\ude1a\ud835\ude22\ud835\ude28\ud835\ude33\ud835\ude22\ud835\ude25\ud835\ude30 \ud835\ude25\ud835\ude22 \ud835\ude11\ud835\ude36\ud835\ude33\ud835\ude26\ud835\ude2e\ud835\ude22\u201d, que contar\u00e1 a hist\u00f3ria da guerreira ind\u00edgena Clara Camar\u00e3o, s\u00edmbolo de coragem, lideran\u00e7a e resist\u00eancia feminina no Brasil colonial .<\/p>\n<p>A UPM refor\u00e7a que sua disputa de samba \u00e9 aberta a todos os compositores, independentemente de v\u00ednculo com a ala. A iniciativa busca incentivar a criatividade, a diversidade e a valoriza\u00e7\u00e3o do talento dos sambistas que queiram contribuir com o enredo da escola.<\/p>\n<p>Mais do que uma reuni\u00e3o, o evento marca o pontap\u00e9 oficial na caminhada da agremia\u00e7\u00e3o rumo ao pr\u00f3ximo Carnaval.<\/p>\n","protected":false},"excerpt":{"rendered":"<p>Unidos de Padre Miguel realiza entrega da sinopse nesta quinta-feira (29) A Unidos de Padre Miguel convida todos os compositores interessados em participar da disputa de samba-enredo para uma reuni\u00e3o especial na pr\u00f3xima quinta-feira, 29 de maio, \u00e0s 20h, na quadra da escola, localizada na Rua Mesquita, 8 \u2013 Padre Miguel. Durante o encontro, o [&hellip;]<\/p>\n","protected":false},"author":1,"featured_media":2742,"comment_status":"closed","ping_status":"closed","sticky":false,"template":"","format":"standard","meta":{"footnotes":""},"categories":[13],"tags":[151,165,166,163,155,153,154,159,152,162],"class_list":["post-2741","post","type-post","status-publish","format-standard","has-post-thumbnail","hentry","category-fashion","tag-carnaval","tag-carnaval-de-niteroi","tag-escolas-mirins","tag-grupo-especial","tag-intendente-magalhaes","tag-mundo-do-carnaval","tag-rio-de-janeiro","tag-samba","tag-sapucai","tag-serie-ouro"],"_links":{"self":[{"href":"https:\/\/mundodocarnaval.com.br\/pt_br\/wp-json\/wp\/v2\/posts\/2741","targetHints":{"allow":["GET"]}}],"collection":[{"href":"https:\/\/mundodocarnaval.com.br\/pt_br\/wp-json\/wp\/v2\/posts"}],"about":[{"href":"https:\/\/mundodocarnaval.com.br\/pt_br\/wp-json\/wp\/v2\/types\/post"}],"author":[{"embeddable":true,"href":"https:\/\/mundodocarnaval.com.br\/pt_br\/wp-json\/wp\/v2\/users\/1"}],"replies":[{"embeddable":true,"href":"https:\/\/mundodocarnaval.com.br\/pt_br\/wp-json\/wp\/v2\/comments?post=2741"}],"version-history":[{"count":1,"href":"https:\/\/mundodocarnaval.com.br\/pt_br\/wp-json\/wp\/v2\/posts\/2741\/revisions"}],"predecessor-version":[{"id":2743,"href":"https:\/\/mundodocarnaval.com.br\/pt_br\/wp-json\/wp\/v2\/posts\/2741\/revisions\/2743"}],"wp:featuredmedia":[{"embeddable":true,"href":"https:\/\/mundodocarnaval.com.br\/pt_br\/wp-json\/wp\/v2\/media\/2742"}],"wp:attachment":[{"href":"https:\/\/mundodocarnaval.com.br\/pt_br\/wp-json\/wp\/v2\/media?parent=2741"}],"wp:term":[{"taxonomy":"category","embeddable":true,"href":"https:\/\/mundodocarnaval.com.br\/pt_br\/wp-json\/wp\/v2\/categories?post=2741"},{"taxonomy":"post_tag","embeddable":true,"href":"https:\/\/mundodocarnaval.com.br\/pt_br\/wp-json\/wp\/v2\/tags?post=2741"}],"curies":[{"name":"wp","href":"https:\/\/api.w.org\/{rel}","templated":true}]}}