{"id":2744,"date":"2025-05-29T04:30:01","date_gmt":"2025-05-29T07:30:01","guid":{"rendered":"https:\/\/mundodocarnaval.com.br\/?p=2744"},"modified":"2025-05-29T04:30:01","modified_gmt":"2025-05-29T07:30:01","slug":"george-louzada-anuncia-turne-internacional-por-diversos-paises-da-europa","status":"publish","type":"post","link":"https:\/\/mundodocarnaval.com.br\/pt_br\/george-louzada-anuncia-turne-internacional-por-diversos-paises-da-europa\/","title":{"rendered":"George Louzada anuncia turn\u00ea internacional por diversos pa\u00edses da Europa"},"content":{"rendered":"<p>George Louzada anuncia turn\u00ea internacional por diversos pa\u00edses da Europa<\/p>\n<p>O premiado core\u00f3grafo e diretor art\u00edstico da Mocidade Independente de Padre Miguel, George Louzada, embarca em uma nova jornada: sua aguardada turn\u00ea internacional pela Europa, que acontecer\u00e1 entre os dias 27 de maio e 31 de julho, passando por Espanha, Alemanha, Fran\u00e7a, Irlanda, Holanda, Inglaterra, Portugal e outras localidades.<\/p>\n<p>Conhecido por seu trabalho \u00e0 frente de alas e comiss\u00f5es de frente do carnaval carioca e por sua atua\u00e7\u00e3o como educador, Louzada soma mais de 30 pr\u00eamios ao longo da carreira, incluindo o prestigiado Estandarte de Ouro e \u00e9 reconhecido como um dos nomes mais influentes da nova gera\u00e7\u00e3o do samba e da dan\u00e7a brasileira.<\/p>\n<p>A turn\u00ea organizada pela empresa francesa Samambaia eventos, inclui participa\u00e7\u00f5es em eventos de grande destaque, como o Carnaval de Berlim (Alemanha), o Carnaval de Paris (Fran\u00e7a), onde liderar\u00e1 um projeto com mais de 50 dan\u00e7arinas locais e o Festival Mega Samba em Sesimbra (Portugal),  considerado o maior festival de samba da Europa. Neste \u00faltimo, dividir\u00e1 os palcos com o tamb\u00e9m professor Gabriel Castro, para ministrar workshops de samba no p\u00e9 feminino, masculino e comiss\u00e3o de frente.<\/p>\n<p>Al\u00e9m das apresenta\u00e7\u00f5es, Louzada ir\u00e1 compartilhar sua experi\u00eancia e conhecimento em dan\u00e7a afro, street dance e dan\u00e7as urbanas, pilares de sua conex\u00e3o com a ancestralidade. A estimativa \u00e9 que a turn\u00ea movimente mais de 500 alunos.<\/p>\n<p>\u201cLevar o samba e nossa cultura para tantos lugares \u00e9 mais do que uma realiza\u00e7\u00e3o profissional. \u00c9 um ato de resist\u00eancia e celebra\u00e7\u00e3o da nossa ancestralidade\u201d, afirma George Louzada.<\/p>\n<p>Entre seus ex-alunos, destacam-se nomes como Gabi Mendes, musa da Mocidade, e Ded\u00ea Marinho, rainha de bateria da Unidos de Padre Miguel, prova viva da relev\u00e2ncia de sua atua\u00e7\u00e3o na forma\u00e7\u00e3o de talentos no samba.<\/p>\n","protected":false},"excerpt":{"rendered":"<p>George Louzada anuncia turn\u00ea internacional por diversos pa\u00edses da Europa O premiado core\u00f3grafo e diretor art\u00edstico da Mocidade Independente de Padre Miguel, George Louzada, embarca em uma nova jornada: sua aguardada turn\u00ea internacional pela Europa, que acontecer\u00e1 entre os dias 27 de maio e 31 de julho, passando por Espanha, Alemanha, Fran\u00e7a, Irlanda, Holanda, Inglaterra, [&hellip;]<\/p>\n","protected":false},"author":1,"featured_media":2746,"comment_status":"closed","ping_status":"closed","sticky":false,"template":"","format":"standard","meta":{"footnotes":""},"categories":[11],"tags":[151,165,166,163,155,153,154,159,152,162],"class_list":["post-2744","post","type-post","status-publish","format-standard","has-post-thumbnail","hentry","category-noticias","tag-carnaval","tag-carnaval-de-niteroi","tag-escolas-mirins","tag-grupo-especial","tag-intendente-magalhaes","tag-mundo-do-carnaval","tag-rio-de-janeiro","tag-samba","tag-sapucai","tag-serie-ouro"],"_links":{"self":[{"href":"https:\/\/mundodocarnaval.com.br\/pt_br\/wp-json\/wp\/v2\/posts\/2744","targetHints":{"allow":["GET"]}}],"collection":[{"href":"https:\/\/mundodocarnaval.com.br\/pt_br\/wp-json\/wp\/v2\/posts"}],"about":[{"href":"https:\/\/mundodocarnaval.com.br\/pt_br\/wp-json\/wp\/v2\/types\/post"}],"author":[{"embeddable":true,"href":"https:\/\/mundodocarnaval.com.br\/pt_br\/wp-json\/wp\/v2\/users\/1"}],"replies":[{"embeddable":true,"href":"https:\/\/mundodocarnaval.com.br\/pt_br\/wp-json\/wp\/v2\/comments?post=2744"}],"version-history":[{"count":1,"href":"https:\/\/mundodocarnaval.com.br\/pt_br\/wp-json\/wp\/v2\/posts\/2744\/revisions"}],"predecessor-version":[{"id":2747,"href":"https:\/\/mundodocarnaval.com.br\/pt_br\/wp-json\/wp\/v2\/posts\/2744\/revisions\/2747"}],"wp:featuredmedia":[{"embeddable":true,"href":"https:\/\/mundodocarnaval.com.br\/pt_br\/wp-json\/wp\/v2\/media\/2746"}],"wp:attachment":[{"href":"https:\/\/mundodocarnaval.com.br\/pt_br\/wp-json\/wp\/v2\/media?parent=2744"}],"wp:term":[{"taxonomy":"category","embeddable":true,"href":"https:\/\/mundodocarnaval.com.br\/pt_br\/wp-json\/wp\/v2\/categories?post=2744"},{"taxonomy":"post_tag","embeddable":true,"href":"https:\/\/mundodocarnaval.com.br\/pt_br\/wp-json\/wp\/v2\/tags?post=2744"}],"curies":[{"name":"wp","href":"https:\/\/api.w.org\/{rel}","templated":true}]}}