{"id":2748,"date":"2025-05-29T04:41:46","date_gmt":"2025-05-29T07:41:46","guid":{"rendered":"https:\/\/mundodocarnaval.com.br\/?p=2748"},"modified":"2025-05-29T04:41:46","modified_gmt":"2025-05-29T07:41:46","slug":"grupo-revelacao-no-casarao-do-firmino-em-comemoracao-aos-30-anos-de-carreira","status":"publish","type":"post","link":"https:\/\/mundodocarnaval.com.br\/pt_br\/grupo-revelacao-no-casarao-do-firmino-em-comemoracao-aos-30-anos-de-carreira\/","title":{"rendered":"Grupo Revela\u00e7\u00e3o no Casar\u00e3o do Firmino, em comemora\u00e7\u00e3o aos 30 anos de carreira."},"content":{"rendered":"<p><iframe title=\"Grupo Revela\u00e7\u00e3o 30 Anos - Deixa Acontecer \/ S\u00f3 Depois \/ Deixa Alagar\" width=\"640\" height=\"360\" src=\"https:\/\/www.youtube.com\/embed\/z-b9zOdzmuo?feature=oembed\" frameborder=\"0\" allow=\"accelerometer; autoplay; clipboard-write; encrypted-media; gyroscope; picture-in-picture; web-share\" referrerpolicy=\"strict-origin-when-cross-origin\" allowfullscreen><\/iframe><\/p>\n<p>Sexta-feira (30), tem megashow do Grupo Revela\u00e7\u00e3o no Casar\u00e3o do Firmino, em comemora\u00e7\u00e3o aos 30 anos de carreira.<\/p>\n<p>Abertura fica por conta do cantor Allan Yl\u00ea e nos intervalos DJ Nicolle Neumann<\/p>\n<p>A \u00faltima sexta-feira do m\u00eas de maio, dia 30, est\u00e1 pra l\u00e1 de especial no maior espa\u00e7o de samba do Centro do Rio de Janeiro. O casar\u00e3o do Firmino recebe o Grupo Revela\u00e7\u00e3o para o mega show em comemora\u00e7\u00e3o dos 30 anos de carreira.<\/p>\n<p>Recentemente o Grupo gravou um DVD, para comemorar as 30 d\u00e9cadas de sucesso. M\u00fasicas que marcaram as fases do Revela\u00e7\u00e3o n\u00e3o podem faltar nesse show no Casar\u00e3o como: &#8220;Deixa Acontecer&#8221;, &#8220;Velocidade da Luz&#8221;, &#8220;T\u00e1 Escrito&#8221;, &#8220;Z\u00e9 do Caro\u00e7o&#8221;, \u201cCora\u00e7\u00e3o Radiante\u201d, \u201cAmor Sem Fim\u201d, entre outros sucessos.<\/p>\n<p>Na abertura do evento tem o cantor Allan Yl\u00ea e nos intervalos DJ Nicolle Neumann.<\/p>\n<p>Os ingressos j\u00e1 est\u00e3o \u00e0 venda por pre\u00e7os populares https:\/\/www.sympla.com.br\/evento\/casarao-do-firmino-convida-revelacao-dj-nicolle-neumann\/2933607  Classifica\u00e7\u00e3o: 18 anos. Mais informa\u00e7\u00f5es: 21 97278-6881.<\/p>\n<p>O Grupo Revela\u00e7\u00e3o iniciou sua carreira no ano de 1994, no sub\u00farbio do Rio de Janeiro. Em 1997, o produtor musical Bira Haway apreciou as rodas de samba do grupo e decidiu lan\u00e7a-los no mercado fonogr\u00e1fico e por mais de uma d\u00e9cada o grupo lan\u00e7ou \u00e1lbuns de sucesso em todo Brasil, como \u201cRevela\u00e7\u00e3o\u201d; \u201cVirou Religi\u00e3o\u201d; \u201cAo Vivo No Olimpo\u201d &#8211; este chegando a marca de mais de 800 mil c\u00f3pias de CDs vendidos, colocando o grupo entre os grandes artistas nacionais, e, \u201cNovos Tempos\u201d; \u201cAo Vivo \u2013 Na Palma da M\u00e3o\u201d; \u201cVelocidade da Luz\u201d; \u201cAventureiro\u201d e o DVD \u201cAo Vivo No Morro\u201d, gravado no Morro da Urca, em 2009.<\/p>\n<p>Em 2011, numa parceria da Deck Disc e a gravadora Universal, lan\u00e7aram \u201cAo Vivo no Morro da Urca 2\u201d dando sequ\u00eancia ao m\u00e1gico \u201cRevela\u00e7\u00e3o 360 Graus\u201d.<\/p>\n<p>Ap\u00f3s a sa\u00edda de Xande De Pilares, o Revela\u00e7\u00e3o apresentou no vocal o cantor David e lan\u00e7ou os \u00e1lbuns \u201cO Bom Samba Continua \u2013 Ao Vivo\u201d e \u201cO Bom Samba Continua \u2013 Ao Vivo, Vol. 2 ,\u201d projetos tamb\u00e9m produzidos por Bira Haway com dire\u00e7\u00e3o da Deck Disc.<\/p>\n<p>Numa nova fase, com a chegada de Jhonatan Alexandre, o \u201cMamute\u201d, em 2018 o grupo voltou a ter um cavaquinista no vocal principal e iniciou uma nova jornada em busca do melhor som e repert\u00f3rio para os seus f\u00e3s.<\/p>\n<p>De l\u00e1 pra c\u00e1 j\u00e1 foram in\u00fameros projetos, entre eles o mais recente DVD \u201cRevela Samba Beach\u201d, um DVD com in\u00e9ditas e regrava\u00e7\u00f5es, gravado no Rio de Janeiro para cerca de 400 convidados.<\/p>\n<p>Com conceito \u201csunset beach club\u201d, o projeto se torna uma \u201cLabel party\u201d para ser realizado em locais de marina e beira mar em todo Brasil. A roda de samba do \u201cRevela Samba Beach\u201d conta com convidados especiais como: Gaab, Ferrugem, Grupo Di Prop\u00f3sito, Thiago Martins, Suel, Vitinho, Waguinho e Chininha. O \u00e1lbum j\u00e1 est\u00e1 dispon\u00edvel nas plataformas e no canal do grupo no Youtube.<\/p>\n<p>Recentemente o Revela\u00e7\u00e3o gravou o DVD que marca a celebra\u00e7\u00e3o dos seus 30 anos de carreira. A proposta do show foi mesclar sucessos antigos do grupo, como \u201cT\u00e1 Escrito\u201d, \u201c\u00d4 Queiroz\u201d e \u201cDeixa Acontecer\u201d com m\u00fasicas in\u00e9ditas.<\/p>\n<p>O evento teve as participa\u00e7\u00f5es dos ex-integrantes Xande de PILARES e Almirzinho, entre outros convidados: como Belo, Thiaguinho, Sorriso Maroto e P\u00e9ricles. Rodriguinho, Jorge Arag\u00e3o, Dilsinho, Menos \u00c9 Mais, Tiee, Thiago Soares, Molejo, Pixote e Ferrugem tamb\u00e9m estiveram no show.<\/p>\n<p>Sobre o Casar\u00e3o do Firmino<\/p>\n<p>Sobre a Casa, um \u201cPal\u00e1cio do Samba\u201d, como \u00e9 popularmente conhecido, localizado no ber\u00e7o da boemia carioca, no bairro da Lapa, entre o Centro e a zona sul do Rio de Janeiro, o Casar\u00e3o do Firmino \u00e9 conhecido pelas tradicionais rodas de samba que re\u00fanem grandes nomes do cen\u00e1rio musical, pessoas de todos os cantos do Rio de Janeiro, al\u00e9m de turistas brasileiros e estrangeiros.<\/p>\n<p> O idealizador do Casar\u00e3o \u00e9 o empres\u00e1rio Carlos Firmino, de 42 anos, que d\u00e1 nome ao espa\u00e7o cultural, que ocupa uma \u00e1rea coberta e ampla, de f\u00e1cil acesso, situada na efervesc\u00eancia cultural do Rio. O Casar\u00e3o tamb\u00e9m \u00e9 s\u00edmbolo de resist\u00eancia. Os eventos buscam resgatar a ess\u00eancia do samba, com entradas gratuitas ou colaborativas, em que cada frequentador contribui se quiser e com quanto puder. O principal objetivo \u00e9 manter vivo o ritmo que mexe com pessoas do mundo inteiro.<\/p>\n<p>\u201cAmarra a marimba e espalha a fofoca!\u201d O bord\u00e3o j\u00e1 \u00e9 uma marca. A express\u00e3o criada por Carlos Firmino para divulgar as atra\u00e7\u00f5es do Casar\u00e3o, hoje, \u00e9 repetida por artistas e frequentadores ass\u00edduos do espa\u00e7o mais concorrido da bo\u00eamia Lapa. E n\u00e3o apenas a frase ganhou fama. A fila que se estende pela rua da Rela\u00e7\u00e3o e toma a cal\u00e7ada da esquina, na Lavradio, refor\u00e7a que o Pal\u00e1cio do Samba \u00e9 ponto de encontro de cariocas e turistas.<\/p>\n<p>Ali\u00e1s, o local parece estar mesmo na moda. \u00c9 cada vez mais comum encontrar no estacionamento decorado &#8211; s\u00e3o samambaias, l\u00e2mpadas, placas e pinturas que celebram orix\u00e1s e homenageiam Nelson Mandela &#8211; atores, atrizes, jornalistas, influenciadores digitais e grandes nomes do mundo do samba. Recentemente, Moacyr Luz, Xande de Pilares, Pique Novo, Sombrinha, Feyj\u00e3o, Jorge Arag\u00e3o passaram pela casa.<\/p>\n<p>Vinny Santa F\u00e9, D\u00e9lcio Luiz, Gabriel da Muda, Nego \u00c1lvaro, Toninho Geraes e Serginho Meriti tamb\u00e9m est\u00e3o sempre presentes e s\u00e3o sin\u00f4nimo de sucesso de p\u00fablico. O grupo Arruda \u00e9 outra atra\u00e7\u00e3o que atrai f\u00e3s de todos os cantos da cidade, assim como o Pagode da Beta, pot\u00eancia dessa gera\u00e7\u00e3o que n\u00e3o deixa o samba morrer.<\/p>\n<p>SERVI\u00c7O: Sexta-feira (30), tem megashow do Grupo Revela\u00e7\u00e3o no Casar\u00e3o do Firmino, em comemora\u00e7\u00e3o aos 30 anos de carreira. Abertura fica por conta do cantor Allan Yl\u00ea e nos intervalos DJ Nicolle Neumann<\/p>\n<p>DATA: 30 de MAIO, SEXTA-FEIRA<br \/>\nLOCAL: Rua da Rela\u00e7\u00e3o, 19, na Lapa<br \/>\nHOR\u00c1RIO: A partir as 18h<\/p>\n<p>ENTRADA<br \/>\nhttps:\/\/www.sympla.com.br\/evento\/casarao-do-firmino-convida-revelacao-dj-nicolle-neumann\/2933607 1o Lote esgotado.  2\u00ba Lote: R$ 15,00<\/p>\n<p>Classifica\u00e7\u00e3o: 18 anos<\/p>\n<p>Mais informa\u00e7\u00f5es: 21 97278-6881<\/p>\n<p>Ingressos j\u00e1 dispon\u00edveis, d\u00favidas, anivers\u00e1rios, chame no Whatsapp atrav\u00e9s do n\u00famero (21) 99826-2068.<\/p>\n","protected":false},"excerpt":{"rendered":"<p>Sexta-feira (30), tem megashow do Grupo Revela\u00e7\u00e3o no Casar\u00e3o do Firmino, em comemora\u00e7\u00e3o aos 30 anos de carreira. Abertura fica por conta do cantor Allan Yl\u00ea e nos intervalos DJ Nicolle Neumann A \u00faltima sexta-feira do m\u00eas de maio, dia 30, est\u00e1 pra l\u00e1 de especial no maior espa\u00e7o de samba do Centro do Rio [&hellip;]<\/p>\n","protected":false},"author":1,"featured_media":2749,"comment_status":"closed","ping_status":"closed","sticky":false,"template":"","format":"standard","meta":{"footnotes":""},"categories":[11],"tags":[151,165,166,163,155,153,154,159,152,162],"class_list":["post-2748","post","type-post","status-publish","format-standard","has-post-thumbnail","hentry","category-noticias","tag-carnaval","tag-carnaval-de-niteroi","tag-escolas-mirins","tag-grupo-especial","tag-intendente-magalhaes","tag-mundo-do-carnaval","tag-rio-de-janeiro","tag-samba","tag-sapucai","tag-serie-ouro"],"_links":{"self":[{"href":"https:\/\/mundodocarnaval.com.br\/pt_br\/wp-json\/wp\/v2\/posts\/2748","targetHints":{"allow":["GET"]}}],"collection":[{"href":"https:\/\/mundodocarnaval.com.br\/pt_br\/wp-json\/wp\/v2\/posts"}],"about":[{"href":"https:\/\/mundodocarnaval.com.br\/pt_br\/wp-json\/wp\/v2\/types\/post"}],"author":[{"embeddable":true,"href":"https:\/\/mundodocarnaval.com.br\/pt_br\/wp-json\/wp\/v2\/users\/1"}],"replies":[{"embeddable":true,"href":"https:\/\/mundodocarnaval.com.br\/pt_br\/wp-json\/wp\/v2\/comments?post=2748"}],"version-history":[{"count":1,"href":"https:\/\/mundodocarnaval.com.br\/pt_br\/wp-json\/wp\/v2\/posts\/2748\/revisions"}],"predecessor-version":[{"id":2750,"href":"https:\/\/mundodocarnaval.com.br\/pt_br\/wp-json\/wp\/v2\/posts\/2748\/revisions\/2750"}],"wp:featuredmedia":[{"embeddable":true,"href":"https:\/\/mundodocarnaval.com.br\/pt_br\/wp-json\/wp\/v2\/media\/2749"}],"wp:attachment":[{"href":"https:\/\/mundodocarnaval.com.br\/pt_br\/wp-json\/wp\/v2\/media?parent=2748"}],"wp:term":[{"taxonomy":"category","embeddable":true,"href":"https:\/\/mundodocarnaval.com.br\/pt_br\/wp-json\/wp\/v2\/categories?post=2748"},{"taxonomy":"post_tag","embeddable":true,"href":"https:\/\/mundodocarnaval.com.br\/pt_br\/wp-json\/wp\/v2\/tags?post=2748"}],"curies":[{"name":"wp","href":"https:\/\/api.w.org\/{rel}","templated":true}]}}