{"id":2751,"date":"2025-05-29T04:56:39","date_gmt":"2025-05-29T07:56:39","guid":{"rendered":"https:\/\/mundodocarnaval.com.br\/?p=2751"},"modified":"2025-05-29T04:56:39","modified_gmt":"2025-05-29T07:56:39","slug":"anti-heroi-brasil-e-o-enredo-da-academicos-do-tucuruvi-para-o-carnaval-de-2026","status":"publish","type":"post","link":"https:\/\/mundodocarnaval.com.br\/pt_br\/anti-heroi-brasil-e-o-enredo-da-academicos-do-tucuruvi-para-o-carnaval-de-2026\/","title":{"rendered":"\u201cAnti-her\u00f3i Brasil\u201d \u00e9 o enredo da Acad\u00eamicos do Tucuruvi para o carnaval de 2026"},"content":{"rendered":"<p>Rumo ao carnaval de 2026, a Acad\u00eamicos do Tucuruvi divulgou o seu enredo para o pr\u00f3ximo desfile. A agremia\u00e7\u00e3o da Cantareira desfilar\u00e1 pelo grupo de acesso com o enredo \u201cAnti-her\u00f3i Brasil\u201d, assinado pelo carnavalesco Nicolas Gon\u00e7alves e pelo enredista Cleiton Almeida. O tema pretende refletir sobre como o brasileiro tem uma forte conex\u00e3o com a figura anti-heroica e com suas inadequa\u00e7\u00f5es aos modelos ideais.<\/p>\n<p>O enredo ser\u00e1 uma celebra\u00e7\u00e3o ao nosso povo que vive e luta em meio \u00e0s contradi\u00e7\u00f5es do pa\u00eds. Por meio de exemplos hist\u00f3ricos, liter\u00e1rios e cotidianos (como Jo\u00e3o Grilo, Macuna\u00edma, mestres das ruas e trabalhadores subvalorizados), a agremia\u00e7\u00e3o mostrar\u00e1 que somos um pa\u00eds de her\u00f3is que n\u00e3o s\u00e3o os tradicionais, cl\u00e1ssicos e superpoderosos; mas sim os que erram, caem, burlam e se esquivam. Her\u00f3is an\u00f4nimos, fr\u00e1geis e humanos, gerados pela informalidade.<\/p>\n<p>\u2022\u2060  \u2060A Tucuruvi defender\u00e1 na Avenida que somos uma na\u00e7\u00e3o de anti-her\u00f3is que \u00e0s vezes vencem, \u00e0s vezes fracassam, mas que continuam lutando porque acreditam em seu prop\u00f3sito. Tendo como provoca\u00e7\u00e3o a frase &#8220;seja marginal, seja her\u00f3i&#8221;, do artista brasileiro H\u00e9lio Oiticica, a escola cantar\u00e1 a vida de quem se faz her\u00f3i mesmo que \u00e0s margens, nas ruas e periferias da cidade, sob o descaso e a viol\u00eancia da oficialidade. \u2013 Revela o carnavalesco Nicolas Gon\u00e7alves.<\/p>\n<p>Em 2026, a Acad\u00eamicos do Tucuruvi ser\u00e1 a terceira escola a desfilar no domingo de carnaval, dia 15 de fevereiro, pelo grupo de acesso do carnaval paulistano. A escola pisar\u00e1 no Samb\u00f3dromo do Anhembi em busca do seu retorno ao grupo especial em 2027.<\/p>\n","protected":false},"excerpt":{"rendered":"<p>Rumo ao carnaval de 2026, a Acad\u00eamicos do Tucuruvi divulgou o seu enredo para o pr\u00f3ximo desfile. A agremia\u00e7\u00e3o da Cantareira desfilar\u00e1 pelo grupo de acesso com o enredo \u201cAnti-her\u00f3i Brasil\u201d, assinado pelo carnavalesco Nicolas Gon\u00e7alves e pelo enredista Cleiton Almeida. O tema pretende refletir sobre como o brasileiro tem uma forte conex\u00e3o com a [&hellip;]<\/p>\n","protected":false},"author":1,"featured_media":2752,"comment_status":"closed","ping_status":"closed","sticky":false,"template":"","format":"standard","meta":{"footnotes":""},"categories":[11],"tags":[151,165,163,155,153,154,159,152],"class_list":["post-2751","post","type-post","status-publish","format-standard","has-post-thumbnail","hentry","category-noticias","tag-carnaval","tag-carnaval-de-niteroi","tag-grupo-especial","tag-intendente-magalhaes","tag-mundo-do-carnaval","tag-rio-de-janeiro","tag-samba","tag-sapucai"],"_links":{"self":[{"href":"https:\/\/mundodocarnaval.com.br\/pt_br\/wp-json\/wp\/v2\/posts\/2751","targetHints":{"allow":["GET"]}}],"collection":[{"href":"https:\/\/mundodocarnaval.com.br\/pt_br\/wp-json\/wp\/v2\/posts"}],"about":[{"href":"https:\/\/mundodocarnaval.com.br\/pt_br\/wp-json\/wp\/v2\/types\/post"}],"author":[{"embeddable":true,"href":"https:\/\/mundodocarnaval.com.br\/pt_br\/wp-json\/wp\/v2\/users\/1"}],"replies":[{"embeddable":true,"href":"https:\/\/mundodocarnaval.com.br\/pt_br\/wp-json\/wp\/v2\/comments?post=2751"}],"version-history":[{"count":1,"href":"https:\/\/mundodocarnaval.com.br\/pt_br\/wp-json\/wp\/v2\/posts\/2751\/revisions"}],"predecessor-version":[{"id":2753,"href":"https:\/\/mundodocarnaval.com.br\/pt_br\/wp-json\/wp\/v2\/posts\/2751\/revisions\/2753"}],"wp:featuredmedia":[{"embeddable":true,"href":"https:\/\/mundodocarnaval.com.br\/pt_br\/wp-json\/wp\/v2\/media\/2752"}],"wp:attachment":[{"href":"https:\/\/mundodocarnaval.com.br\/pt_br\/wp-json\/wp\/v2\/media?parent=2751"}],"wp:term":[{"taxonomy":"category","embeddable":true,"href":"https:\/\/mundodocarnaval.com.br\/pt_br\/wp-json\/wp\/v2\/categories?post=2751"},{"taxonomy":"post_tag","embeddable":true,"href":"https:\/\/mundodocarnaval.com.br\/pt_br\/wp-json\/wp\/v2\/tags?post=2751"}],"curies":[{"name":"wp","href":"https:\/\/api.w.org\/{rel}","templated":true}]}}