{"id":2754,"date":"2025-05-29T05:03:37","date_gmt":"2025-05-29T08:03:37","guid":{"rendered":"https:\/\/mundodocarnaval.com.br\/?p=2754"},"modified":"2025-05-29T05:03:37","modified_gmt":"2025-05-29T08:03:37","slug":"academicos-de-vigario-geral-anuncia-novo-diretor-da-ala-de-passistas","status":"publish","type":"post","link":"https:\/\/mundodocarnaval.com.br\/pt_br\/academicos-de-vigario-geral-anuncia-novo-diretor-da-ala-de-passistas\/","title":{"rendered":"ACAD\u00caMICOS DE VIG\u00c1RIO GERAL ANUNCIA NOVO DIRETOR DA ALA DE PASSISTAS"},"content":{"rendered":"<p>Gabriel Castro \u00e9 o novo Diretor da Ala de Passistas da Acad\u00eamicos de Vig\u00e1rio Geral<br \/>\nBicampe\u00e3o do Estandarte de Ouro, cinco vezes vencedor do Pr\u00eamio Sambanet e quatro vezes premiado pelo SRZD, \u00e9 core\u00f3grafo, escritor, professor de samba no p\u00e9 e conhecido como o diretor de passistas mais jovem da hist\u00f3ria da Sapuca\u00ed, tendo estreado nessa fun\u00e7\u00e3o aos 17 anos, no Imp\u00e9rio da Tijuca.<\/p>\n<p>Gabriel \u00e9 professor com experi\u00eancia internacional, tendo levado o samba para 10 pa\u00edses e 3 continentes. Neto do saudoso Mestre Telinho da Mangueira e afilhado de Jo\u00e3o Nogueira, ele j\u00e1 acumula mais de 57 premia\u00e7\u00f5es, sendo atualmente o artista com o maior n\u00famero de conquistas no carnaval brasileiro.<\/p>\n<p>Atualmente, Gabriel Castro \u00e9 diretor de passistas da Unidos de Vila Isabel e core\u00f3grafo da comiss\u00e3o de frente da Acad\u00eamicos da Aboli\u00e7\u00e3o. Ao longo da carreira, tamb\u00e9m passou por escolas como Imp\u00e9rio da Tijuca, Imp\u00e9rio Serrano, Unidos de Padre Miguel, Arranco do Engenho de Dentro, Uni\u00e3o de Jacarepagu\u00e1, entre outras.<\/p>\n<p>Em 2026, Gabriel assume o comando da ala de passistas da Vig\u00e1rio Geral, trazendo sua experi\u00eancia  e amor pelo samba para fortalecer ainda mais o segmento.<\/p>\n","protected":false},"excerpt":{"rendered":"<p>Gabriel Castro \u00e9 o novo Diretor da Ala de Passistas da Acad\u00eamicos de Vig\u00e1rio Geral Bicampe\u00e3o do Estandarte de Ouro, cinco vezes vencedor do Pr\u00eamio Sambanet e quatro vezes premiado pelo SRZD, \u00e9 core\u00f3grafo, escritor, professor de samba no p\u00e9 e conhecido como o diretor de passistas mais jovem da hist\u00f3ria da Sapuca\u00ed, tendo estreado [&hellip;]<\/p>\n","protected":false},"author":1,"featured_media":2755,"comment_status":"closed","ping_status":"closed","sticky":false,"template":"","format":"standard","meta":{"footnotes":""},"categories":[13],"tags":[151,165,166,163,155,153,154,159,152,162],"class_list":["post-2754","post","type-post","status-publish","format-standard","has-post-thumbnail","hentry","category-fashion","tag-carnaval","tag-carnaval-de-niteroi","tag-escolas-mirins","tag-grupo-especial","tag-intendente-magalhaes","tag-mundo-do-carnaval","tag-rio-de-janeiro","tag-samba","tag-sapucai","tag-serie-ouro"],"_links":{"self":[{"href":"https:\/\/mundodocarnaval.com.br\/pt_br\/wp-json\/wp\/v2\/posts\/2754","targetHints":{"allow":["GET"]}}],"collection":[{"href":"https:\/\/mundodocarnaval.com.br\/pt_br\/wp-json\/wp\/v2\/posts"}],"about":[{"href":"https:\/\/mundodocarnaval.com.br\/pt_br\/wp-json\/wp\/v2\/types\/post"}],"author":[{"embeddable":true,"href":"https:\/\/mundodocarnaval.com.br\/pt_br\/wp-json\/wp\/v2\/users\/1"}],"replies":[{"embeddable":true,"href":"https:\/\/mundodocarnaval.com.br\/pt_br\/wp-json\/wp\/v2\/comments?post=2754"}],"version-history":[{"count":1,"href":"https:\/\/mundodocarnaval.com.br\/pt_br\/wp-json\/wp\/v2\/posts\/2754\/revisions"}],"predecessor-version":[{"id":2756,"href":"https:\/\/mundodocarnaval.com.br\/pt_br\/wp-json\/wp\/v2\/posts\/2754\/revisions\/2756"}],"wp:featuredmedia":[{"embeddable":true,"href":"https:\/\/mundodocarnaval.com.br\/pt_br\/wp-json\/wp\/v2\/media\/2755"}],"wp:attachment":[{"href":"https:\/\/mundodocarnaval.com.br\/pt_br\/wp-json\/wp\/v2\/media?parent=2754"}],"wp:term":[{"taxonomy":"category","embeddable":true,"href":"https:\/\/mundodocarnaval.com.br\/pt_br\/wp-json\/wp\/v2\/categories?post=2754"},{"taxonomy":"post_tag","embeddable":true,"href":"https:\/\/mundodocarnaval.com.br\/pt_br\/wp-json\/wp\/v2\/tags?post=2754"}],"curies":[{"name":"wp","href":"https:\/\/api.w.org\/{rel}","templated":true}]}}