{"id":2769,"date":"2025-06-01T08:18:12","date_gmt":"2025-06-01T11:18:12","guid":{"rendered":"https:\/\/mundodocarnaval.com.br\/?p=2769"},"modified":"2025-06-01T08:18:12","modified_gmt":"2025-06-01T11:18:12","slug":"uniao-de-marica-lanca-curso-gratuito-para-a-formacao-de-diretores-de-harmonia","status":"publish","type":"post","link":"https:\/\/mundodocarnaval.com.br\/pt_br\/uniao-de-marica-lanca-curso-gratuito-para-a-formacao-de-diretores-de-harmonia\/","title":{"rendered":"Uni\u00e3o de Maric\u00e1 lan\u00e7a curso gratuito para a forma\u00e7\u00e3o de diretores de harmonia"},"content":{"rendered":"<p>Uni\u00e3o de Maric\u00e1 lan\u00e7a curso gratuito para a forma\u00e7\u00e3o de diretores de harmonia<br \/>\nSob a lideran\u00e7a de Mauro Amorim, os encontros acontecer\u00e3o durante o m\u00eas de junho<br \/>\nA Uni\u00e3o de Maric\u00e1 deu mais um passo firme em sua caminhada no trabalho de profissionaliza\u00e7\u00e3o do carnaval com o lan\u00e7amento do &#8220;Maric\u00e1 em Harmonia&#8221;, uma iniciativa in\u00e9dita na agremia\u00e7\u00e3o e totalmente gratuita, voltada para a forma\u00e7\u00e3o de novos diretores e diretoras de harmonia. O curso ter\u00e1 in\u00edcio na pr\u00f3xima segunda-feira (2), e acontecer\u00e1 semanalmente, a partir das 19h, na quadra da escola, na Rodovia Amaral Peixoto, 29024, no Centro de Maric\u00e1 (em frente ao Atacad\u00e3o).<\/p>\n<p>Voltado para quem sonha em liderar na Avenida com t\u00e9cnica, sensibilidade e respeito ao samba, o curso \u00e9 comandado pelo diretor geral de harmonia Mauro Amorim e prop\u00f5e encontros semanais com trocas de experi\u00eancias, estudos pr\u00e1ticos e reflex\u00f5es sobre o papel fundamental da harmonia no sucesso de um desfile. As inscri\u00e7\u00f5es ser\u00e3o realizadas presencialmente ou online, atrav\u00e9s do formul\u00e1rio no link https:\/\/forms.gle\/ibLUmpeCtZ1GptLv5. <\/p>\n<p>&#8211; Este curso \u00e9 uma grande etapa dentro do nosso processo de trabalho para fortalecer a base de quem sustenta o desfile na Sapuca\u00ed. O diretor de harmonia \u00e9 o elo entre os segmentos e o cora\u00e7\u00e3o do espet\u00e1culo, e precisa estar preparado tecnicamente e emocionalmente para isso. A Uni\u00e3o de Maric\u00e1 entende que formar lideran\u00e7as conscientes \u00e9 construir um carnaval mais forte e mais bonito para todos &#8211; afirmou Mauro Amorim.<\/p>\n<p>A proposta do curso \u00e9 abrir caminhos para quem deseja se engajar de forma mais ativa no universo do carnaval, oferecendo conte\u00fado de qualidade, espa\u00e7o para troca e um compromisso com a tradi\u00e7\u00e3o e a inova\u00e7\u00e3o. Nesse sentido, Mauro refor\u00e7a a import\u00e2ncia da conex\u00e3o com a comunidade:<\/p>\n<p>&#8211; Entender o componente e ter empatia com nossa comunidade ser\u00e3o os pontos-chave desse curso, unindo cada vez mais nossa escola rumo ao nosso sonho &#8211; completou o diretor.<\/p>\n<p>Os encontros do curso acontecer\u00e3o sempre \u00e0s segundas-feiras do m\u00eas de junho, das 19h \u00e0s 21h. Ao final da forma\u00e7\u00e3o, todos os participantes receber\u00e3o um certificado de participa\u00e7\u00e3o.<\/p>\n<p>Fotos: Leandro Andrade<\/p>\n","protected":false},"excerpt":{"rendered":"<p>Uni\u00e3o de Maric\u00e1 lan\u00e7a curso gratuito para a forma\u00e7\u00e3o de diretores de harmonia Sob a lideran\u00e7a de Mauro Amorim, os encontros acontecer\u00e3o durante o m\u00eas de junho A Uni\u00e3o de Maric\u00e1 deu mais um passo firme em sua caminhada no trabalho de profissionaliza\u00e7\u00e3o do carnaval com o lan\u00e7amento do &#8220;Maric\u00e1 em Harmonia&#8221;, uma iniciativa in\u00e9dita [&hellip;]<\/p>\n","protected":false},"author":1,"featured_media":2770,"comment_status":"closed","ping_status":"closed","sticky":false,"template":"","format":"standard","meta":{"footnotes":""},"categories":[13],"tags":[],"class_list":["post-2769","post","type-post","status-publish","format-standard","has-post-thumbnail","hentry","category-fashion"],"_links":{"self":[{"href":"https:\/\/mundodocarnaval.com.br\/pt_br\/wp-json\/wp\/v2\/posts\/2769","targetHints":{"allow":["GET"]}}],"collection":[{"href":"https:\/\/mundodocarnaval.com.br\/pt_br\/wp-json\/wp\/v2\/posts"}],"about":[{"href":"https:\/\/mundodocarnaval.com.br\/pt_br\/wp-json\/wp\/v2\/types\/post"}],"author":[{"embeddable":true,"href":"https:\/\/mundodocarnaval.com.br\/pt_br\/wp-json\/wp\/v2\/users\/1"}],"replies":[{"embeddable":true,"href":"https:\/\/mundodocarnaval.com.br\/pt_br\/wp-json\/wp\/v2\/comments?post=2769"}],"version-history":[{"count":1,"href":"https:\/\/mundodocarnaval.com.br\/pt_br\/wp-json\/wp\/v2\/posts\/2769\/revisions"}],"predecessor-version":[{"id":2771,"href":"https:\/\/mundodocarnaval.com.br\/pt_br\/wp-json\/wp\/v2\/posts\/2769\/revisions\/2771"}],"wp:featuredmedia":[{"embeddable":true,"href":"https:\/\/mundodocarnaval.com.br\/pt_br\/wp-json\/wp\/v2\/media\/2770"}],"wp:attachment":[{"href":"https:\/\/mundodocarnaval.com.br\/pt_br\/wp-json\/wp\/v2\/media?parent=2769"}],"wp:term":[{"taxonomy":"category","embeddable":true,"href":"https:\/\/mundodocarnaval.com.br\/pt_br\/wp-json\/wp\/v2\/categories?post=2769"},{"taxonomy":"post_tag","embeddable":true,"href":"https:\/\/mundodocarnaval.com.br\/pt_br\/wp-json\/wp\/v2\/tags?post=2769"}],"curies":[{"name":"wp","href":"https:\/\/api.w.org\/{rel}","templated":true}]}}