{"id":2772,"date":"2025-06-01T08:26:42","date_gmt":"2025-06-01T11:26:42","guid":{"rendered":"https:\/\/mundodocarnaval.com.br\/?p=2772"},"modified":"2025-06-01T08:26:42","modified_gmt":"2025-06-01T11:26:42","slug":"unidos-da-tijuca-promove-festa-de-lancamento-do-enredo-e-do-projeto-para-o-carnaval-2026","status":"publish","type":"post","link":"https:\/\/mundodocarnaval.com.br\/pt_br\/unidos-da-tijuca-promove-festa-de-lancamento-do-enredo-e-do-projeto-para-o-carnaval-2026\/","title":{"rendered":"Unidos da Tijuca promove festa de lan\u00e7amento do enredo e do projeto para o Carnaval 2026"},"content":{"rendered":"<p>Unidos da Tijuca promove festa de lan\u00e7amento do enredo e do projeto para o Carnaval 2026 na pr\u00f3xima segunda-feira com entrada franca<\/p>\n<p>Evento marcar\u00e1 in\u00edcio oficial da temporada 2026 da agremia\u00e7\u00e3o<\/p>\n<p>A Unidos da Tijuca promove na pr\u00f3xima segunda-feira, 2 de junho, \u00e0s 19 horas, a Festa de Lan\u00e7amento do enredo e do projeto para o Carnaval 2026. O evento marca oficialmente o in\u00edcio da temporada da agremia\u00e7\u00e3o, rumo ao pr\u00f3ximo desfile. A festa acontece na quadra de ensaios situada na Avenida Francisco Bicalho n\u00ba 47 \u2013 Santo Cristo com entrada franca.<\/p>\n<p>Para marcar um novo cap\u00edtulo da hist\u00f3ria da agremia\u00e7\u00e3o, a Unidos da Tijuca apresentar\u00e1 sua proposta de revitaliza\u00e7\u00e3o em busca do retorno aos tempos de sucesso. Al\u00e9m da apresenta\u00e7\u00e3o do enredo que encerrar\u00e1 os desfiles da segunda-feira de carnaval do Grupo Especial, o p\u00fablico conhecer\u00e1 diversas a\u00e7\u00f5es  destinadas \u00e0 comunidade tijucana. O evento marcar\u00e1, ainda, a apresenta\u00e7\u00e3o oficial da equipe de trabalho do pr\u00f3ximo carnaval e a estreia do int\u00e9rprete Marquinho Art Samba como a nova voz do Carro de Som do Pav\u00e3o.<\/p>\n<p>A atra\u00e7\u00e3o musical da segunda-feira ser\u00e1 especial: Grupo Mo\u00e7a Prosa recebe o p\u00fablico e convidados e Os Puxadores do Samba encerram a festa. Nos intervalos, DJ Bracinho tocar\u00e1 os melhores hits aquecendo a quadra para o grande momento da noite. A festa ser\u00e1 exibida a partir das 20 horas no canal da Unidos da Tijuca no Youtube &#8211; https:\/\/www.youtube.com\/@GRESUTijuca .  A imprensa e convidados ser\u00e3o recepcionados com um card\u00e1pio t\u00edpico relacionado ao enredo.<\/p>\n<p>Para comparecer ao evento, basta retirar a cortesia da festa no site do Sympla &#8211; https:\/\/www.sympla.com.br\/evento\/unidos-da-tijuca-festa-de-apresentacao-do-enredo-carnaval-2026\/2971978. A quadra possui amplo estacionamento.<\/p>\n<p>Servi\u00e7o:<\/p>\n<p>Evento: Festa de Lan\u00e7amento do Enredo e do Projeto do Carnaval 2026 \u2013 Unidos da Tijuca<br \/>\nData: 02 de junho de 2025<br \/>\nHor\u00e1rio: 19 \u00e0s 00<br \/>\nLocal: Avenida Francisco Bicalho n\u00ba 47 &#8211; Santo Cristo &#8211; Quadra da Unidos da Tijuca<br \/>\nEntrada Franca \u2013 Cortesia no Sympla: https:\/\/www.sympla.com.br\/evento\/unidos-da-tijuca-festa-de-apresentacao-do-enredo-carnaval-2026\/297197<\/p>\n<p>Cr\u00e9dito nas imagens<\/p>\n","protected":false},"excerpt":{"rendered":"<p>Unidos da Tijuca promove festa de lan\u00e7amento do enredo e do projeto para o Carnaval 2026 na pr\u00f3xima segunda-feira com entrada franca Evento marcar\u00e1 in\u00edcio oficial da temporada 2026 da agremia\u00e7\u00e3o A Unidos da Tijuca promove na pr\u00f3xima segunda-feira, 2 de junho, \u00e0s 19 horas, a Festa de Lan\u00e7amento do enredo e do projeto para [&hellip;]<\/p>\n","protected":false},"author":1,"featured_media":2773,"comment_status":"closed","ping_status":"closed","sticky":false,"template":"","format":"standard","meta":{"footnotes":""},"categories":[12],"tags":[],"class_list":["post-2772","post","type-post","status-publish","format-standard","has-post-thumbnail","hentry","category-grupo-especial"],"_links":{"self":[{"href":"https:\/\/mundodocarnaval.com.br\/pt_br\/wp-json\/wp\/v2\/posts\/2772","targetHints":{"allow":["GET"]}}],"collection":[{"href":"https:\/\/mundodocarnaval.com.br\/pt_br\/wp-json\/wp\/v2\/posts"}],"about":[{"href":"https:\/\/mundodocarnaval.com.br\/pt_br\/wp-json\/wp\/v2\/types\/post"}],"author":[{"embeddable":true,"href":"https:\/\/mundodocarnaval.com.br\/pt_br\/wp-json\/wp\/v2\/users\/1"}],"replies":[{"embeddable":true,"href":"https:\/\/mundodocarnaval.com.br\/pt_br\/wp-json\/wp\/v2\/comments?post=2772"}],"version-history":[{"count":1,"href":"https:\/\/mundodocarnaval.com.br\/pt_br\/wp-json\/wp\/v2\/posts\/2772\/revisions"}],"predecessor-version":[{"id":2774,"href":"https:\/\/mundodocarnaval.com.br\/pt_br\/wp-json\/wp\/v2\/posts\/2772\/revisions\/2774"}],"wp:featuredmedia":[{"embeddable":true,"href":"https:\/\/mundodocarnaval.com.br\/pt_br\/wp-json\/wp\/v2\/media\/2773"}],"wp:attachment":[{"href":"https:\/\/mundodocarnaval.com.br\/pt_br\/wp-json\/wp\/v2\/media?parent=2772"}],"wp:term":[{"taxonomy":"category","embeddable":true,"href":"https:\/\/mundodocarnaval.com.br\/pt_br\/wp-json\/wp\/v2\/categories?post=2772"},{"taxonomy":"post_tag","embeddable":true,"href":"https:\/\/mundodocarnaval.com.br\/pt_br\/wp-json\/wp\/v2\/tags?post=2772"}],"curies":[{"name":"wp","href":"https:\/\/api.w.org\/{rel}","templated":true}]}}