{"id":2775,"date":"2025-06-01T08:32:59","date_gmt":"2025-06-01T11:32:59","guid":{"rendered":"https:\/\/mundodocarnaval.com.br\/?p=2775"},"modified":"2025-06-01T08:32:59","modified_gmt":"2025-06-01T11:32:59","slug":"porto-da-pedra-lancamento-sinopse","status":"publish","type":"post","link":"https:\/\/mundodocarnaval.com.br\/pt_br\/porto-da-pedra-lancamento-sinopse\/","title":{"rendered":"Porto da Pedra lan\u00e7amento sinopse"},"content":{"rendered":"<p>Porto da Pedra j\u00e1 tem data para lan\u00e7amento da sinopse para o Carnaval 2026<\/p>\n<p>Escola reunir\u00e1 compositores e segmentos  para leitura do texto-base que vai inspirar os poetas para a disputa do pr\u00f3ximo ano<\/p>\n<p>Uma das primeiras escolas a lan\u00e7ar o tema para o carnaval 2026, a Unidos do Porto da Pedra vai apresentar na pr\u00f3xima segunda, 02 de junho, a logomarca para o carnaval 2026, juntamente com o lan\u00e7amento do t\u00edtulo do enredo e a leitura da sinopse. <\/p>\n<p>O encontro entre o carnavalesco Mauro Quintaes, compositores e segmentos est\u00e1 marcado para 20h. Na ocasi\u00e3o, o profissional far\u00e1 a primeira explana\u00e7\u00e3o sobre o tema que abordar\u00e1 a hist\u00f3ria da prostitui\u00e7\u00e3o fechando a trilogia apresentada no fim da d\u00e9cada de 1990, quando a escola levou para a Sapuca\u00ed tem\u00e1tcas sociais que tinham como protagonistas, personagens marginalizados pela sociedade. <\/p>\n<p>\u201cSei que ao longo desses dois meses, muito foi falado em torno do enredo, que traz uma tem\u00e1tica sens\u00edvel e necess\u00e1ria para a Sapuca\u00ed, dada a import\u00e2ncia, a magnitude e a amplitude que o carnaval proporciona. Este \u00e9 um texto mergulhado em um estudo profundo feito por mim e pelo Diego Ara\u00fajo, um parceria que j\u00e1 vai para o quinto ano e que vai desmistificar muita coisa, inclusive alguns coment\u00e1rios que temos acompanhado pelas redes sociais\u201d, diz Mauro, que tem conversado com profissionais do segmento como forma de embasar as pesquisas para o texto do enredista, al\u00e9m tamb\u00e9m de buscar, nos relatos das lideran\u00e7as do meio, e nos fatos hist\u00f3ricos, inspira\u00e7\u00f5es para o figurino e cenografia.<\/p>\n<p>A leitura acontecer\u00e1 na quadra da vermelha e branca, que estar\u00e1 aberta ao p\u00fablico. Informa\u00e7\u00f5es sobre datas de tira-d\u00favidas e disputa de sambas ser\u00e3o reveladas no dia do evento. O endere\u00e7o \u00e9 Travessa Jo\u00e3o Silva, 84 &#8211; Porto da Pedra.<\/p>\n","protected":false},"excerpt":{"rendered":"<p>Porto da Pedra j\u00e1 tem data para lan\u00e7amento da sinopse para o Carnaval 2026 Escola reunir\u00e1 compositores e segmentos para leitura do texto-base que vai inspirar os poetas para a disputa do pr\u00f3ximo ano Uma das primeiras escolas a lan\u00e7ar o tema para o carnaval 2026, a Unidos do Porto da Pedra vai apresentar na [&hellip;]<\/p>\n","protected":false},"author":1,"featured_media":2776,"comment_status":"closed","ping_status":"closed","sticky":false,"template":"","format":"standard","meta":{"footnotes":""},"categories":[13],"tags":[],"class_list":["post-2775","post","type-post","status-publish","format-standard","has-post-thumbnail","hentry","category-fashion"],"_links":{"self":[{"href":"https:\/\/mundodocarnaval.com.br\/pt_br\/wp-json\/wp\/v2\/posts\/2775","targetHints":{"allow":["GET"]}}],"collection":[{"href":"https:\/\/mundodocarnaval.com.br\/pt_br\/wp-json\/wp\/v2\/posts"}],"about":[{"href":"https:\/\/mundodocarnaval.com.br\/pt_br\/wp-json\/wp\/v2\/types\/post"}],"author":[{"embeddable":true,"href":"https:\/\/mundodocarnaval.com.br\/pt_br\/wp-json\/wp\/v2\/users\/1"}],"replies":[{"embeddable":true,"href":"https:\/\/mundodocarnaval.com.br\/pt_br\/wp-json\/wp\/v2\/comments?post=2775"}],"version-history":[{"count":1,"href":"https:\/\/mundodocarnaval.com.br\/pt_br\/wp-json\/wp\/v2\/posts\/2775\/revisions"}],"predecessor-version":[{"id":2777,"href":"https:\/\/mundodocarnaval.com.br\/pt_br\/wp-json\/wp\/v2\/posts\/2775\/revisions\/2777"}],"wp:featuredmedia":[{"embeddable":true,"href":"https:\/\/mundodocarnaval.com.br\/pt_br\/wp-json\/wp\/v2\/media\/2776"}],"wp:attachment":[{"href":"https:\/\/mundodocarnaval.com.br\/pt_br\/wp-json\/wp\/v2\/media?parent=2775"}],"wp:term":[{"taxonomy":"category","embeddable":true,"href":"https:\/\/mundodocarnaval.com.br\/pt_br\/wp-json\/wp\/v2\/categories?post=2775"},{"taxonomy":"post_tag","embeddable":true,"href":"https:\/\/mundodocarnaval.com.br\/pt_br\/wp-json\/wp\/v2\/tags?post=2775"}],"curies":[{"name":"wp","href":"https:\/\/api.w.org\/{rel}","templated":true}]}}